{"id":27598,"date":"2025-01-29T16:48:07","date_gmt":"2025-01-29T16:48:07","guid":{"rendered":"https:\/\/247stiri.ro\/index.php\/2025\/01\/29\/presedintele-ales-in-primul-tur-calin-georgescu-un-nou-mesaj-de-forta-despre-reluarea-alegerilor-dragii-mei-e-doar-o-chestiune-de-timp\/"},"modified":"2025-01-29T16:48:07","modified_gmt":"2025-01-29T16:48:07","slug":"presedintele-ales-in-primul-tur-calin-georgescu-un-nou-mesaj-de-forta-despre-reluarea-alegerilor-dragii-mei-e-doar-o-chestiune-de-timp","status":"publish","type":"post","link":"https:\/\/247stiri.ro\/index.php\/2025\/01\/29\/presedintele-ales-in-primul-tur-calin-georgescu-un-nou-mesaj-de-forta-despre-reluarea-alegerilor-dragii-mei-e-doar-o-chestiune-de-timp\/","title":{"rendered":"Pre\u0219edintele ales \u00een primul tur, C\u0102LIN GEORGESCU, un nou mesaj de for\u021b\u0103 despre reluarea alegerilor: Dragii mei, e doar o chestiune de timp!"},"content":{"rendered":"<p>&#8222;Dragii mei, v\u0103 informez c\u0103 ast\u0103zi am transmis c\u0103tre Pre\u0219edintele Adun\u0103rii Parlamentare a Consiliului Europei, dl. Theodoros Rousopoulos, solicitarea de a veghea la punerea \u00een aplicare a recomand\u0103rilor cuprinse \u00een raportul \u00eentocmit de Comisia de la Vene\u021bia care a fost transmis \u00een data de 27.01.2025\u00a0Sunt ferm convins de faptul c\u0103 reac\u021bia Adun\u0103rii Parlamentare a CE \u0219i m\u0103surile adoptate nu vor \u00eent\u00e2rzia s\u0103 apar\u0103 \u00een cel mai scurt timp!Ceea ce vom realiza \u00een perioada aceasta, din punct de vedere juridic, va readuce \u00eentreaga lume democratic\u0103 \u00een echilibrul necesar. Vom repozi\u021biona justi\u021bia ca fiind singurul element ce poate \u021bine legate valorile pe baza c\u0103rora Europa s-a construit, valori la care ne-am dorit s\u0103 ader\u0103m, valori care ne-au f\u0103cut s\u0103 credem c\u0103 totul va merge spre bine \u00een ceea ce ne prive\u0219te ca popor.\u00a0Din p\u0103cate, \u00een Rom\u00e2nia, corup\u021bia a g\u0103sit rapid elementele necesare de a se ascunde de ochii justi\u021biei interna\u021bionale, lucr\u00e2nd din \u00eentuneric \u00eempotriva noastr\u0103 \u0219i a valorilor europene sub egida \u201cnoi suntem pro-europeni\u201d. Aceast\u0103 lozinc\u0103 a politicienilor va avea acum ocazia de a-\u0219i dovedi veridicitatea.\u00a0S\u0103 fim \u00een primul r\u00e2nd drep\u021bi, corec\u021bi \u0219i pro-rom\u00e2ni, dar baz\u00e2ndu-ne \u00eentr-adev\u0103r pe valorile justi\u021biei interna\u021bionale care protejeaz\u0103 realmente statul de drept. \u00cen ceea ce prive\u0219te politicienii autointitula\u021bi pro-europeni, ace\u0219tia vor avea acum ocazia de a l\u0103muri c\u00e2t din valorile europene \u0219i-au \u00eensu\u0219it cu adev\u0103rat sau c\u00e2t din valorile infrac\u021bionale!\u00a0Totul a devenit doar o chestiune de timp!&#8221; a transmis pre\u0219edintele ales \u00eentr-o postare pe Facebook.\u00a0\u00a0<\/p>\n<p>\u00a0<\/p>","protected":false},"excerpt":{"rendered":"<p>&#8222;Dragii mei, v\u0103 informez c\u0103 ast\u0103zi am transmis c\u0103tre Pre\u0219edintele Adun\u0103rii Parlamentare a Consiliului Europei,&hellip;<\/p>\n","protected":false},"author":0,"featured_media":27592,"comment_status":"open","ping_status":"open","sticky":false,"template":"","format":"standard","meta":{"footnotes":""},"categories":[2],"tags":[],"class_list":["post-27598","post","type-post","status-publish","format-standard","has-post-thumbnail","hentry","category-actual"],"_links":{"self":[{"href":"https:\/\/247stiri.ro\/index.php\/wp-json\/wp\/v2\/posts\/27598","targetHints":{"allow":["GET"]}}],"collection":[{"href":"https:\/\/247stiri.ro\/index.php\/wp-json\/wp\/v2\/posts"}],"about":[{"href":"https:\/\/247stiri.ro\/index.php\/wp-json\/wp\/v2\/types\/post"}],"replies":[{"embeddable":true,"href":"https:\/\/247stiri.ro\/index.php\/wp-json\/wp\/v2\/comments?post=27598"}],"version-history":[{"count":0,"href":"https:\/\/247stiri.ro\/index.php\/wp-json\/wp\/v2\/posts\/27598\/revisions"}],"wp:featuredmedia":[{"embeddable":true,"href":"https:\/\/247stiri.ro\/index.php\/wp-json\/wp\/v2\/media\/27592"}],"wp:attachment":[{"href":"https:\/\/247stiri.ro\/index.php\/wp-json\/wp\/v2\/media?parent=27598"}],"wp:term":[{"taxonomy":"category","embeddable":true,"href":"https:\/\/247stiri.ro\/index.php\/wp-json\/wp\/v2\/categories?post=27598"},{"taxonomy":"post_tag","embeddable":true,"href":"https:\/\/247stiri.ro\/index.php\/wp-json\/wp\/v2\/tags?post=27598"}],"curies":[{"name":"wp","href":"https:\/\/api.w.org\/{rel}","templated":true}]}}