{"id":27601,"date":"2025-01-29T17:46:42","date_gmt":"2025-01-29T17:46:42","guid":{"rendered":"https:\/\/247stiri.ro\/index.php\/2025\/01\/29\/cum-arata-leonard-miron-dupa-ce-a-dat-jos-60-de-kilograme-transformarea-spectaculoasa-a-fostului-prezentator-tv\/"},"modified":"2025-01-29T17:46:42","modified_gmt":"2025-01-29T17:46:42","slug":"cum-arata-leonard-miron-dupa-ce-a-dat-jos-60-de-kilograme-transformarea-spectaculoasa-a-fostului-prezentator-tv","status":"publish","type":"post","link":"https:\/\/247stiri.ro\/index.php\/2025\/01\/29\/cum-arata-leonard-miron-dupa-ce-a-dat-jos-60-de-kilograme-transformarea-spectaculoasa-a-fostului-prezentator-tv\/","title":{"rendered":"Cum arat\u0103 Leonard Miron dup\u0103 ce a dat jos 60 de kilograme: transformarea spectaculoas\u0103 a fostului prezentator TV"},"content":{"rendered":"<p>O decizie radical\u0103 pentru o via\u021b\u0103 mai s\u0103n\u0103toas\u0103<\/p>\n<p>\u00centr-un interviu acordat pentru CANCAN, Leonard Miron a explicat c\u0103 aceast\u0103 interven\u021bie chirurgical\u0103 i-a schimbat complet via\u021ba. De-a lungul anilor, sedentarismul \u0219i problemele de s\u0103n\u0103tate i-au afectat greutatea \u0219i starea general\u0103. A trecut prin momente dificile, inclusiv un preinfarct \u00een timpul pandemiei \u0219i o lupt\u0103 cu o form\u0103 de cancer pancreatic. Con\u0219tient c\u0103 trebuie s\u0103 ia m\u0103suri drastice, a optat pentru <a href=\"https:\/\/www.realitatea.net\/stiri\/actual\/se-micsoreaza-stomacul-daca-mancam-mai-putin-adevarat-sau-fals-ce-spun-medicii_666c8bc06f937d32de26ad42\" target=\"_blank\">opera\u021bia de mic\u0219orare a stomacului.<\/a><\/p>\n<p>\u201eAm devenit foarte lene\u0219, nu mai mergeam la sal\u0103, nu mai f\u0103ceam sport. \u00cemi place s\u0103 g\u0103tesc, \u00eemi place s\u0103 m\u0103n\u00e2nc. Aveam probleme de s\u0103n\u0103tate \u0219i, \u00een final, am ales o solu\u021bie drastic\u0103. Am f\u0103cut interven\u021bia \u00een Turcia\u201d, a m\u0103rturisit Leonard Miron.<\/p>\n<p>Un nou stil de via\u021b\u0103 \u0219i provoc\u0103rile post-operatorii<\/p>\n<p>Dup\u0103 pierderea a 60 de kilograme, via\u021ba sa s-a schimbat semnificativ. Acum poate urca mun\u021bi, poate alerga \u0219i are mai mult\u0103 energie. Cu toate acestea, trebuie s\u0103 urmeze un tratament zilnic \u0219i s\u0103 acorde aten\u021bie deficien\u021belor de vitamine \u0219i minerale cauzate de schimbarea radical\u0103 a dietei.<\/p>\n<p>\u201eP\u00e2n\u0103 la sf\u00e2r\u0219itul vie\u021bii, trebuie s\u0103 iau medica\u021bie. Lipsa vitaminelor \u0219i mineralelor afecteaz\u0103 p\u0103rul \u0219i pielea, iar pentru a compensa, trebuie s\u0103 investesc \u00een creme \u0219i suplimente alimentare\u201d, a explicat el.<\/p>\n<p><a href=\"https:\/\/www.realitatea.net\/stiri\/lifestyle\/3-diete-uimitoare-pentru-slabit-alegeo-pe-care-care-ti-se-potriveste_679a04a3787246420b5bed83\" target=\"_blank\">Transformarea sa fizic\u0103<\/a> i-a adus at\u00e2t aprecieri, c\u00e2t \u0219i critici. Oamenii care l-au v\u0103zut constant s-au obi\u0219nuit treptat cu schimbarea, \u00eens\u0103 cei care l-au \u00eent\u00e2lnit dup\u0103 c\u00e2teva luni au fost \u0219oca\u021bi de noua sa \u00eenf\u0103\u021bi\u0219are.<\/p>\n<p>\u201eUnii prieteni m\u0103 \u00eentrebau pe ocolite dac\u0103 nu sunt bolnav. Au fost \u0219i comentarii r\u0103ut\u0103cioase online, cum ar fi c\u0103 opera\u021bia m-a \u00eemb\u0103tr\u00e2nit sau c\u0103 \u00eemi at\u00e2rn\u0103 pielea. \u00cens\u0103, c\u00e2nd m\u0103 uit la fotografiile de acum c\u00e2\u021biva ani, \u00eemi dau seama c\u00e2t de bine am f\u0103cut alegerea. Acum \u00eemi permit s\u0103 port haine m\u0103rimea M sau chiar S\u201d, a spus Leonard Miron.<\/p>\n<p>Un episod care i-a r\u0103mas \u00eentip\u0103rit \u00een minte s-a petrecut \u00een urm\u0103 cu cinci ani, \u00eentr-un magazin de lux din Roma. Atunci, un sacou Dolce &amp; Gabbana care \u00eei pl\u0103cea foarte mult nu i se potrivea, iar v\u00e2nz\u0103toarea i-a sugerat s\u0103 sl\u0103beasc\u0103 20 de kilograme pentru a-l putea purta. Recent, s-a \u00eentors \u00een acela\u0219i magazin \u0219i \u0219i-a cump\u0103rat sacoul dorit, demonstr\u00e2nd c\u0103 perseveren\u021ba \u0219i determinarea i-au schimbat via\u021ba.<\/p>\n<p>\u00cen ciuda provoc\u0103rilor \u0219i criticilor, Leonard Miron este m\u00e2ndru de decizia luat\u0103 \u0219i de rezultatele ob\u021binute. Pierderea \u00een greutate nu doar c\u0103 i-a \u00eembun\u0103t\u0103\u021bit s\u0103n\u0103tatea, dar i-a oferit \u0219i o nou\u0103 perspectiv\u0103 asupra vie\u021bii. Cu o greutate optim\u0103 \u0219i un stil de via\u021b\u0103 echilibrat, fostul prezentator TV se bucur\u0103 din plin de fiecare moment, demonstr\u00e2nd c\u0103 schimb\u0103rile drastice pot aduce rezultate spectaculoase.<\/p>\n<p>\u00a0<\/p>","protected":false},"excerpt":{"rendered":"<p>O decizie radical\u0103 pentru o via\u021b\u0103 mai s\u0103n\u0103toas\u0103 \u00centr-un interviu acordat pentru CANCAN, Leonard Miron&hellip;<\/p>\n","protected":false},"author":0,"featured_media":27602,"comment_status":"open","ping_status":"open","sticky":false,"template":"","format":"standard","meta":{"footnotes":""},"categories":[8],"tags":[],"class_list":["post-27601","post","type-post","status-publish","format-standard","has-post-thumbnail","hentry","category-lifestyle"],"_links":{"self":[{"href":"https:\/\/247stiri.ro\/index.php\/wp-json\/wp\/v2\/posts\/27601","targetHints":{"allow":["GET"]}}],"collection":[{"href":"https:\/\/247stiri.ro\/index.php\/wp-json\/wp\/v2\/posts"}],"about":[{"href":"https:\/\/247stiri.ro\/index.php\/wp-json\/wp\/v2\/types\/post"}],"replies":[{"embeddable":true,"href":"https:\/\/247stiri.ro\/index.php\/wp-json\/wp\/v2\/comments?post=27601"}],"version-history":[{"count":0,"href":"https:\/\/247stiri.ro\/index.php\/wp-json\/wp\/v2\/posts\/27601\/revisions"}],"wp:featuredmedia":[{"embeddable":true,"href":"https:\/\/247stiri.ro\/index.php\/wp-json\/wp\/v2\/media\/27602"}],"wp:attachment":[{"href":"https:\/\/247stiri.ro\/index.php\/wp-json\/wp\/v2\/media?parent=27601"}],"wp:term":[{"taxonomy":"category","embeddable":true,"href":"https:\/\/247stiri.ro\/index.php\/wp-json\/wp\/v2\/categories?post=27601"},{"taxonomy":"post_tag","embeddable":true,"href":"https:\/\/247stiri.ro\/index.php\/wp-json\/wp\/v2\/tags?post=27601"}],"curies":[{"name":"wp","href":"https:\/\/api.w.org\/{rel}","templated":true}]}}