{"id":27603,"date":"2025-01-29T17:46:44","date_gmt":"2025-01-29T17:46:44","guid":{"rendered":"https:\/\/247stiri.ro\/index.php\/2025\/01\/29\/trei-persoane-au-fost-retinute-in-olanda-in-cazul-jafului-tezaurului-romanesc\/"},"modified":"2025-01-29T17:46:44","modified_gmt":"2025-01-29T17:46:44","slug":"trei-persoane-au-fost-retinute-in-olanda-in-cazul-jafului-tezaurului-romanesc","status":"publish","type":"post","link":"https:\/\/247stiri.ro\/index.php\/2025\/01\/29\/trei-persoane-au-fost-retinute-in-olanda-in-cazul-jafului-tezaurului-romanesc\/","title":{"rendered":"Trei persoane au fost re\u021binute \u00een Olanda \u00een cazul jafului tezaurului rom\u00e2nesc"},"content":{"rendered":"<p>Cei trei se afl\u0103 \u00een acest moment \u00een custodia poli\u021bi\u0219tilor. Se pare c\u0103 un al patrulea b\u0103rbat ar fi c\u0103utat \u00een aceste clipe de autorit\u0103\u021bile din Olanda, din informa\u021biile pe surse ale Realitatea Plus.<\/p>\n<p>Este o chestiune de minute p\u00e2n\u0103 c\u00e2nd o s\u0103 avem o declara\u021bie oficial\u0103 \u0219i din partea autorit\u0103\u021bilor noastre, prin vocea secretarului de stat Bogdan Despescu \u0219i \u0219eful Poli\u021biei Rom\u00e2ne, Benone Matei, pentru c\u0103 va fi o conferin\u021b\u0103 de pres\u0103 \u00een care se vor anun\u021ba aceste prime re\u021bineri \u00een cazul furtului tezaurului rom\u00e2nesc.<\/p>\n<p>R\u0103m\u00e2ne de v\u0103zut \u00een ce condi\u021bii au fost captura\u021bi cei trei, care este concret implicarea lor \u00een jaf, oricum, \u00een mod cert, dac\u0103 autoritatile din Olanda nu aveau probe, nu ar fi f\u0103cut aceste arest\u0103ri.<\/p>\n<p>In ceea ce prive\u0219te cet\u0103\u021benia suspec\u021bilor, sursele Realitatea Plus au spus c\u0103 foarte probabil vorbim despre cetateni olandezi si provin din provincia Olanda de Nord.<\/p>\n<p><a href=\"https:\/\/www.realitatea.net\/stiri\/actual\/procurorului-general-alex-florenta-a-discutat-cu-omologul-olandez-despre-furtul-tezaurului-dacic-politia-olandeza-a-difuzat-si_679a4448ba86f955b3561a32\" target=\"_blank\">Procurorului general Alex Floren\u021ba a discutat cu omologul olandez despre furtul tezaurului dacic. Poli\u021bia olandez\u0103 a difuzat o FOTOGRAFIE cu un suspect<\/a><\/p>","protected":false},"excerpt":{"rendered":"<p>Cei trei se afl\u0103 \u00een acest moment \u00een custodia poli\u021bi\u0219tilor. Se pare c\u0103 un al&hellip;<\/p>\n","protected":false},"author":0,"featured_media":27604,"comment_status":"open","ping_status":"open","sticky":false,"template":"","format":"standard","meta":{"footnotes":""},"categories":[2],"tags":[],"class_list":["post-27603","post","type-post","status-publish","format-standard","has-post-thumbnail","hentry","category-actual"],"_links":{"self":[{"href":"https:\/\/247stiri.ro\/index.php\/wp-json\/wp\/v2\/posts\/27603","targetHints":{"allow":["GET"]}}],"collection":[{"href":"https:\/\/247stiri.ro\/index.php\/wp-json\/wp\/v2\/posts"}],"about":[{"href":"https:\/\/247stiri.ro\/index.php\/wp-json\/wp\/v2\/types\/post"}],"replies":[{"embeddable":true,"href":"https:\/\/247stiri.ro\/index.php\/wp-json\/wp\/v2\/comments?post=27603"}],"version-history":[{"count":0,"href":"https:\/\/247stiri.ro\/index.php\/wp-json\/wp\/v2\/posts\/27603\/revisions"}],"wp:featuredmedia":[{"embeddable":true,"href":"https:\/\/247stiri.ro\/index.php\/wp-json\/wp\/v2\/media\/27604"}],"wp:attachment":[{"href":"https:\/\/247stiri.ro\/index.php\/wp-json\/wp\/v2\/media?parent=27603"}],"wp:term":[{"taxonomy":"category","embeddable":true,"href":"https:\/\/247stiri.ro\/index.php\/wp-json\/wp\/v2\/categories?post=27603"},{"taxonomy":"post_tag","embeddable":true,"href":"https:\/\/247stiri.ro\/index.php\/wp-json\/wp\/v2\/tags?post=27603"}],"curies":[{"name":"wp","href":"https:\/\/api.w.org\/{rel}","templated":true}]}}