{"id":27605,"date":"2025-01-29T17:46:45","date_gmt":"2025-01-29T17:46:45","guid":{"rendered":"https:\/\/247stiri.ro\/index.php\/2025\/01\/29\/traficant-italian-eliberat-din-inchisorile-romanesti-ne-fura-mancarea-si-hainele-totul-se-vinde-pe-piata-neagra\/"},"modified":"2025-01-29T17:46:45","modified_gmt":"2025-01-29T17:46:45","slug":"traficant-italian-eliberat-din-inchisorile-romanesti-ne-fura-mancarea-si-hainele-totul-se-vinde-pe-piata-neagra","status":"publish","type":"post","link":"https:\/\/247stiri.ro\/index.php\/2025\/01\/29\/traficant-italian-eliberat-din-inchisorile-romanesti-ne-fura-mancarea-si-hainele-totul-se-vinde-pe-piata-neagra\/","title":{"rendered":"Traficant italian, eliberat din \u00eenchisorile rom\u00e2ne\u0219ti: \u201eNe fur\u0103 m\u00e2ncarea \u0219i hainele! Totul se vinde pe pia\u021ba neagr\u0103\u201d"},"content":{"rendered":"<p>T\u00e2n\u0103rul a fost \u00eencarcerat ini\u021bial la Penitenciarul Poarta Alb\u0103, iar apoi transferat \u00eentr-un penitenciar din Bucure\u0219ti, unde a petrecut aproape un an de zile.<\/p>\n<p>Co\u0219marul tr\u0103it \u00een \u00eenchisorile rom\u00e2ne\u0219ti<\/p>\n<p>Conform unei surse exclusive citate de Fanpage.it, Filippo Mosca a ajuns miercuri \u00een Italia, iar mama sa, Ornella Matraxia, a confirmat acest lucru. \u201eAm aflat de la mama unui fost coleg de celul\u0103 al lui Filippo c\u0103 el a fost escortat de un poli\u021bist, f\u0103r\u0103 a fi avertizat prealabil. Apoi am aflat c\u0103 a plecat cu avionul spre Italia \u0219i a ajuns deja la destina\u021bie. Acum este \u00een drum spre \u00eenchisoarea din Viterbo\u201d, a declarat Ornella Matraxia.<\/p>\n<p>Filippo Mosca, \u00een v\u00e2rst\u0103 de 26 de ani, a ajuns \u00een Rom\u00e2nia \u00een aprilie 2023 pentru a participa la un festival \u00een Constan\u021ba, al\u0103turi de prieteni. \u00cens\u0103 vacan\u021ba s-a transformat rapid \u00eentr-un co\u0219mar. \u00cen mai 2023, Mosca a fost arestat <a href=\"https:\/\/www.realitatea.net\/stiri\/actual\/droguri-de-mare-risc-descoperite-in-casa-unui-barbat-din-valcea-stupefiantele-urmau-sa-ajunga-la-o-petrecere-din-capitala-unde-erau-depozitate_6788fa8933041421400b31d3\" target=\"_blank\">sub acuza\u021bia de trafic<\/a> interna\u021bional de droguri, dup\u0103 ce un pachet cu narcotice adus din str\u0103in\u0103tate a fost g\u0103sit \u00een hotelul \u00een care se afla. La scurt timp, el a fost plasat \u00een arest \u0219i apoi transferat la Penitenciarul Poarta Alb\u0103, unde a tr\u0103it o experien\u021b\u0103 traumatizant\u0103.<\/p>\n<p>Ce a m\u0103rturisit t\u00e2n\u0103rul traficant<\/p>\n<p>T\u00e2n\u0103rul italian a povestit despre condi\u021biile inumane din \u00eenchisoarea rom\u00e2neasc\u0103, descriind celulele ca fiind pline de murd\u0103rie \u0219i infest\u0103ri cu insecte. \u201eAm fost du\u0219i \u00eentr-o celul\u0103 veche, unde era un covor de excremente \u0219i saltele consumate care erau pline de insecte. L\u00e2ng\u0103 toalet\u0103 se afla o g\u0103leat\u0103 uria\u0219\u0103 plin\u0103 cu gunoaie. Era imposibil s\u0103 tr\u0103ie\u0219ti \u00eentr-o astfel de situa\u021bie\u201d, a spus Filippo Mosca.<\/p>\n<p>Mai mult, el a povestit despre abuzurile care aveau loc \u00een \u00eenchisoare: \u201eNe furau m\u00e2ncarea \u0219i hainele. Totul se vindea pe pia\u021ba neagr\u0103. Mul\u021bi dintre cei care erau acolo erau s\u0103raci \u0219i analfabe\u021bi, iar condi\u021biile de trai erau un adev\u0103rat co\u0219mar.\u201d Aceasta a fost o realitate greu de suportat pentru t\u00e2n\u0103rul italian, care a sim\u021bit c\u0103 deten\u021bia l-a marcat profund, at\u00e2t fizic, c\u00e2t \u0219i psihic.<\/p>\n<p><a href=\"https:\/\/www.realitatea.net\/stiri\/justitie\/probleme-pentru-un-traficant-de-droguri-din-mehedinti-oamenii-legii-lau-prins-in-flagrant_6785360e70b5c7200b2caa22\" target=\"_blank\">\u00cen ciuda dificult\u0103\u021bilor \u0219i a suferin\u021bei \u00eendurate,<\/a> Filippo Mosca este acum pe cale s\u0103 \u00eenceap\u0103 o nou\u0103 etap\u0103 a vie\u021bii sale \u00een Italia. \u201eChiar dac\u0103 am trecut prin multe \u0219i am avut parte de o experien\u021b\u0103 dureroas\u0103 \u00een Rom\u00e2nia, m\u0103 simt acum \u00een siguran\u021b\u0103 acas\u0103\u201d, a spus el, ad\u0103ug\u00e2nd c\u0103 viitorul s\u0103u r\u0103m\u00e2ne incert, dar cel pu\u021bin este \u00eenapoi \u00een \u021bara sa natal\u0103.<\/p>","protected":false},"excerpt":{"rendered":"<p>T\u00e2n\u0103rul a fost \u00eencarcerat ini\u021bial la Penitenciarul Poarta Alb\u0103, iar apoi transferat \u00eentr-un penitenciar din&hellip;<\/p>\n","protected":false},"author":0,"featured_media":27606,"comment_status":"open","ping_status":"open","sticky":false,"template":"","format":"standard","meta":{"footnotes":""},"categories":[2],"tags":[],"class_list":["post-27605","post","type-post","status-publish","format-standard","has-post-thumbnail","hentry","category-actual"],"_links":{"self":[{"href":"https:\/\/247stiri.ro\/index.php\/wp-json\/wp\/v2\/posts\/27605","targetHints":{"allow":["GET"]}}],"collection":[{"href":"https:\/\/247stiri.ro\/index.php\/wp-json\/wp\/v2\/posts"}],"about":[{"href":"https:\/\/247stiri.ro\/index.php\/wp-json\/wp\/v2\/types\/post"}],"replies":[{"embeddable":true,"href":"https:\/\/247stiri.ro\/index.php\/wp-json\/wp\/v2\/comments?post=27605"}],"version-history":[{"count":0,"href":"https:\/\/247stiri.ro\/index.php\/wp-json\/wp\/v2\/posts\/27605\/revisions"}],"wp:featuredmedia":[{"embeddable":true,"href":"https:\/\/247stiri.ro\/index.php\/wp-json\/wp\/v2\/media\/27606"}],"wp:attachment":[{"href":"https:\/\/247stiri.ro\/index.php\/wp-json\/wp\/v2\/media?parent=27605"}],"wp:term":[{"taxonomy":"category","embeddable":true,"href":"https:\/\/247stiri.ro\/index.php\/wp-json\/wp\/v2\/categories?post=27605"},{"taxonomy":"post_tag","embeddable":true,"href":"https:\/\/247stiri.ro\/index.php\/wp-json\/wp\/v2\/tags?post=27605"}],"curies":[{"name":"wp","href":"https:\/\/api.w.org\/{rel}","templated":true}]}}