{"id":27615,"date":"2025-01-29T18:44:49","date_gmt":"2025-01-29T18:44:49","guid":{"rendered":"https:\/\/247stiri.ro\/index.php\/2025\/01\/29\/accident-rutier-pe-dj-106-in-sibiu-a-fost-necesara-interventia-elicopterului-smurd\/"},"modified":"2025-01-29T18:44:49","modified_gmt":"2025-01-29T18:44:49","slug":"accident-rutier-pe-dj-106-in-sibiu-a-fost-necesara-interventia-elicopterului-smurd","status":"publish","type":"post","link":"https:\/\/247stiri.ro\/index.php\/2025\/01\/29\/accident-rutier-pe-dj-106-in-sibiu-a-fost-necesara-interventia-elicopterului-smurd\/","title":{"rendered":"Accident rutier pe DJ 106, \u00een Sibiu: a fost necesar\u0103 interven\u021bia elicopterului SMURD"},"content":{"rendered":"<p>Potrivit primelor cercet\u0103ri ale autorit\u0103\u021bilor, un b\u0103rbat de 44 de ani, din Iacobeni, aflat la volanul unui autoturism, a efectuat o dep\u0103\u0219ire f\u0103r\u0103 s\u0103 se asigure. Astfel, el a intrat \u00eentr-o coliziune frontal\u0103 cu un alt vehicul condus de un b\u0103rbat de 68 de ani din Agnita.<\/p>\n<p>Dep\u0103\u0219irea periculoas\u0103 care a provocat accidentul<\/p>\n<p><a href=\"https:\/\/www.realitatea.net\/stiri\/actual\/accident-grav-in-centrul-capitalei-o-persoana-a-fost-ranita-unul-dintre-soferi-era-baut_6799edae96887347e94341a3\" target=\"_blank\">\u00cen urma impactului,<\/a> at\u00e2t cei doi \u0219oferi, c\u00e2t \u0219i un pasager din unul dintre autovehicule au fost r\u0103ni\u021bi \u0219i au necesitat \u00eengrijiri medicale. Traficul pe DJ 106 a fost complet blocat \u00een urma accidentului.<\/p>\n<p>Una dintre victime, cu un traumatism toracic, a fost preluat\u0103 de un echipaj al Serviciului Jude\u021bean de Ambulan\u021b\u0103 \u0219i transportat\u0103 la Spitalul Or\u0103\u0219enesc din Agnita. O alt\u0103 victim\u0103 a fost transportat\u0103 cu ajutorul unui echipaj al Inspectoratului pentru Situa\u021bii de Urgen\u021b\u0103, urm\u00e2nd s\u0103 fie preluat\u0103 ulterior de un elicopter SMURD. A treia persoan\u0103 r\u0103nit\u0103 a fost dus\u0103 la spital de c\u0103tre un autoturism civil \u00eenainte de sosirea echipajelor de interven\u021bie.<\/p>\n<p>Autorit\u0103\u021bile continu\u0103 cercet\u0103rile pentru a stabili cu exactitate <a href=\"https:\/\/www.realitatea.net\/stiri\/actual\/accident-grav-pe-dn1-un-mort-si-7-raniti-dupa-ce-un-autocar-cu-pasageri-a-intrat-in-plin-intrun-tir_6799e40d6bba5e1fa730cba2\" target=\"_blank\">circumstan\u021bele producerii accidentului.<\/a><\/p>","protected":false},"excerpt":{"rendered":"<p>Potrivit primelor cercet\u0103ri ale autorit\u0103\u021bilor, un b\u0103rbat de 44 de ani, din Iacobeni, aflat la&hellip;<\/p>\n","protected":false},"author":0,"featured_media":27616,"comment_status":"open","ping_status":"open","sticky":false,"template":"","format":"standard","meta":{"footnotes":""},"categories":[2],"tags":[],"class_list":["post-27615","post","type-post","status-publish","format-standard","has-post-thumbnail","hentry","category-actual"],"_links":{"self":[{"href":"https:\/\/247stiri.ro\/index.php\/wp-json\/wp\/v2\/posts\/27615","targetHints":{"allow":["GET"]}}],"collection":[{"href":"https:\/\/247stiri.ro\/index.php\/wp-json\/wp\/v2\/posts"}],"about":[{"href":"https:\/\/247stiri.ro\/index.php\/wp-json\/wp\/v2\/types\/post"}],"replies":[{"embeddable":true,"href":"https:\/\/247stiri.ro\/index.php\/wp-json\/wp\/v2\/comments?post=27615"}],"version-history":[{"count":0,"href":"https:\/\/247stiri.ro\/index.php\/wp-json\/wp\/v2\/posts\/27615\/revisions"}],"wp:featuredmedia":[{"embeddable":true,"href":"https:\/\/247stiri.ro\/index.php\/wp-json\/wp\/v2\/media\/27616"}],"wp:attachment":[{"href":"https:\/\/247stiri.ro\/index.php\/wp-json\/wp\/v2\/media?parent=27615"}],"wp:term":[{"taxonomy":"category","embeddable":true,"href":"https:\/\/247stiri.ro\/index.php\/wp-json\/wp\/v2\/categories?post=27615"},{"taxonomy":"post_tag","embeddable":true,"href":"https:\/\/247stiri.ro\/index.php\/wp-json\/wp\/v2\/tags?post=27615"}],"curies":[{"name":"wp","href":"https:\/\/api.w.org\/{rel}","templated":true}]}}