{"id":27617,"date":"2025-01-29T18:44:49","date_gmt":"2025-01-29T18:44:49","guid":{"rendered":"https:\/\/247stiri.ro\/index.php\/2025\/01\/29\/muzeul-din-olanda-prima-reactie-dupa-retinerea-suspectilor-returnarea-in-siguranta-ar-fi-un-pas-fantastic\/"},"modified":"2025-01-29T18:44:49","modified_gmt":"2025-01-29T18:44:49","slug":"muzeul-din-olanda-prima-reactie-dupa-retinerea-suspectilor-returnarea-in-siguranta-ar-fi-un-pas-fantastic","status":"publish","type":"post","link":"https:\/\/247stiri.ro\/index.php\/2025\/01\/29\/muzeul-din-olanda-prima-reactie-dupa-retinerea-suspectilor-returnarea-in-siguranta-ar-fi-un-pas-fantastic\/","title":{"rendered":"Muzeul din Olanda, PRIMA reac\u021bie dup\u0103 re\u021binerea suspec\u021bilor: Returnarea \u00een siguran\u021b\u0103 ar fi un pas fantastic"},"content":{"rendered":"<p>\u201eSuntem foarte mul\u021bumi\u021bi de ve\u0219tile pline de speran\u021b\u0103 privind arest\u0103rile din Olanda de Nord. Avem un mare respect pentru agen\u021biile de aplicare a legii care se ocup\u0103 at\u00e2t de eficient de acest caz teribil \u0219i a\u0219tept\u0103m cu ner\u0103bdare evolu\u021biile ulterioare. Returnarea \u00een siguran\u021b\u0103 a artefactelor furate ar fi un pas fantastic pentru toate p\u0103r\u021bile implicate. Nu doar pentru noi, ci mai ales pentru poporul rom\u00e2n\u201d, a transmis Muzeul Drents, citat de News.ro.<\/p>\n<p><a href=\"https:\/\/www.realitatea.net\/stiri\/actual\/trei-persoane-au-fost-retinute-in-olanda-in-cazul-jafului-tezaurului-romanesc_679a64982a2dfd2be4264df8\" target=\"_blank\">Trei persoane au fost re\u021binute \u00een Olanda \u00een cazul jafului tezaurului rom\u00e2nesc. Declara\u021bii la sediul MAI &#8211; VIDEO<\/a><\/p>\n<p>Deocamdat\u0103, poli\u021bi\u0219tii din Olanda nu au precizat dac\u0103 au fost recuperate coiful de la Co\u021bofene\u0219ti \u0219i br\u0103\u021b\u0103rile dacice.<\/p>","protected":false},"excerpt":{"rendered":"<p>\u201eSuntem foarte mul\u021bumi\u021bi de ve\u0219tile pline de speran\u021b\u0103 privind arest\u0103rile din Olanda de Nord. Avem&hellip;<\/p>\n","protected":false},"author":0,"featured_media":27618,"comment_status":"open","ping_status":"open","sticky":false,"template":"","format":"standard","meta":{"footnotes":""},"categories":[2],"tags":[],"class_list":["post-27617","post","type-post","status-publish","format-standard","has-post-thumbnail","hentry","category-actual"],"_links":{"self":[{"href":"https:\/\/247stiri.ro\/index.php\/wp-json\/wp\/v2\/posts\/27617","targetHints":{"allow":["GET"]}}],"collection":[{"href":"https:\/\/247stiri.ro\/index.php\/wp-json\/wp\/v2\/posts"}],"about":[{"href":"https:\/\/247stiri.ro\/index.php\/wp-json\/wp\/v2\/types\/post"}],"replies":[{"embeddable":true,"href":"https:\/\/247stiri.ro\/index.php\/wp-json\/wp\/v2\/comments?post=27617"}],"version-history":[{"count":0,"href":"https:\/\/247stiri.ro\/index.php\/wp-json\/wp\/v2\/posts\/27617\/revisions"}],"wp:featuredmedia":[{"embeddable":true,"href":"https:\/\/247stiri.ro\/index.php\/wp-json\/wp\/v2\/media\/27618"}],"wp:attachment":[{"href":"https:\/\/247stiri.ro\/index.php\/wp-json\/wp\/v2\/media?parent=27617"}],"wp:term":[{"taxonomy":"category","embeddable":true,"href":"https:\/\/247stiri.ro\/index.php\/wp-json\/wp\/v2\/categories?post=27617"},{"taxonomy":"post_tag","embeddable":true,"href":"https:\/\/247stiri.ro\/index.php\/wp-json\/wp\/v2\/tags?post=27617"}],"curies":[{"name":"wp","href":"https:\/\/api.w.org\/{rel}","templated":true}]}}