{"id":27619,"date":"2025-01-29T18:44:50","date_gmt":"2025-01-29T18:44:50","guid":{"rendered":"https:\/\/247stiri.ro\/index.php\/2025\/01\/29\/metroul-intra-de-luni-in-greva-japoneza-urmeaza-greva-de-exces-de-zel-pe-10-februarie-daca-nu-le-sunt-ascultate-doleantele-spun-sindicalistii\/"},"modified":"2025-01-29T18:44:50","modified_gmt":"2025-01-29T18:44:50","slug":"metroul-intra-de-luni-in-greva-japoneza-urmeaza-greva-de-exces-de-zel-pe-10-februarie-daca-nu-le-sunt-ascultate-doleantele-spun-sindicalistii","status":"publish","type":"post","link":"https:\/\/247stiri.ro\/index.php\/2025\/01\/29\/metroul-intra-de-luni-in-greva-japoneza-urmeaza-greva-de-exces-de-zel-pe-10-februarie-daca-nu-le-sunt-ascultate-doleantele-spun-sindicalistii\/","title":{"rendered":"Metroul intr\u0103 de luni \u00een grev\u0103 japonez\u0103. Urmeaz\u0103 \u201egrev\u0103 de exces de zel\u201d pe 10 februarie, dac\u0103 nu le sunt ascultate dolean\u021bele, spun sindicali\u0219tii"},"content":{"rendered":"<p>Nemul\u021bumirile sindicali\u0219tilor sunt determinate de ordonan\u021ba-trenule\u021b care interzice angaj\u0103rile la Metrorex.&#8217;Deja avem un deficit de 20% din personal, se mai vorbe\u0219te de vreo 300 de persoane, asta ar \u00eensemna blocarea total\u0103 pentru c\u0103 nu avem cu cine s\u0103 facem treaba. USLM a hot\u0103r\u00e2t s\u0103 \u00eenceap\u0103, \u00een data de 3 februarie, o grev\u0103 japonez\u0103 de aten\u021bionare a publicului c\u0103l\u0103tor \u0219i a tuturor factorilor de decizie c\u0103 situa\u021bia nu poate continua iar de pe 10 februarie, dac\u0103 nu suntem asculta\u021bi \u0219i nu suntem respecta\u021bi, vom face o grev\u0103 de exces de zel. Nu vom mai face rabat de la niciun fel de instruc\u021bie de serviciu&#8217;, a declarat liderul USLM, Marian Artimon, citat de Agerpres.Potrivit acestuia, fa\u021b\u0103 de anul trecut la Metrorex s-au pierdut 208 posturi, pentru c\u0103 \u00een ultimul trimestru s-au pensionat foarte mul\u021bi salaria\u021bi pe vechea Lege a pensiilor.&#8217;Dac\u0103 nu ie\u0219eau, pierdeau 35% din valoarea pensiei. Deficitul de personal se acutizeaz\u0103 \u0219i nu mai exist\u0103 personal care s\u0103 trag\u0103 trenurile, cum se spune la noi. Pe l\u00e2ng\u0103 acest deficit, sunt 10.000 de zile de concediu de odihn\u0103 rostogolite, ore suplimentare rostogolite, un mecanic care are dreptul la 8 zile libere nu prime\u0219te dec\u00e2t 4 pe lun\u0103, oboseala se cronicizeaz\u0103 \u0219i duce la boli \u0219i totodat\u0103 duce \u0219i la concedii medicale. \u00cen aceast\u0103 situa\u021bie, a deficitului de personal \u0219i a concediilor medicale, au \u00eenceput s\u0103 fie anulate trenuri din circula\u021bie. Ast\u0103zi (miercuri, n.r.) a fost anulat un tren pe Magistrala 2 Pipera &#8211; Berceni, cea mai aglomerat\u0103, iar lipsa acestui tren cre\u0219te intervalul dintre trenuri \u0219i mai mult\u0103 a\u0219teptare \u00een sta\u021bii \u0219i aglomera\u021bie \u00een trenuri&#8217;, a mai spus Artimon.<\/p>\n<p><a title='Greva japoneza la Loteria Romana: angajatii protesteaza impotriva ordonantei ,,trenulet\"' href=\"https:\/\/www.realitatea.net\/stiri\/actual\/greva-japoneza-la-loteria-romana-angajatii-protesteaza-impotriva-ordonantei-trenulet_679a454810fe5b37cc683c6c\">Grev\u0103 japonez\u0103 la Loteria Rom\u00e2n\u0103: angaja\u021bii protesteaz\u0103 \u00eempotriva ordonan\u021bei \u201etrenule\u021b\u201d<\/a>El a ar\u0103tat, de asemenea, c\u0103 pichetul organizat s\u0103pt\u0103m\u00e2na trecut\u0103 \u00een fa\u021ba Ministerului Finan\u021belor nu a avut rezultat, iar la Guvern sindicali\u0219tii s-au \u00eent\u00e2lnit cu consilierul premierului \u0219i secretarul de stat pe Feroviar.&#8217;Am mai avut o \u00eent\u00e2lnire la Ministerul Transporturilor luni, ieri am avut Consiliul de Administra\u021bie, neoficial v\u0103 spun c\u0103 membru \u00een CA este \u0219i directorul de la CFR C\u0103l\u0103tori, care a spus c\u0103 la d\u00e2nsul s-au anulat trenurile. Are peste 200 de trenuri anulate pe s\u0103pt\u0103m\u00e2n\u0103 la CFR C\u0103l\u0103tori. V\u0103 da\u021bi seama ce \u00eenseamn\u0103 10 trenuri anulate la metrou?&#8217;, a sus\u021binut liderul sindical.El a avertizat c\u0103, din 10 februarie, vor fi respectate \u00eentocmai instruc\u021biunile de serviciu iar dac\u0103 nu vor fi \u00eendeplinite toate condi\u021biile s\u0103 ias\u0103 trenul \u00een trafic, nu \u00ee\u0219i mai asum\u0103 nimeni riscul. &#8216;Metroul \u00eenseamn\u0103 700.000 c\u0103l\u0103tori aproape zilnic \u0219i trebuie s\u0103 garant\u0103m s\u0103 atunci c\u00e2nd folosesc metroul sunt \u00een siguran\u021b\u0103&#8217;, a subliniat Artimon.Uniunea Sindicatul Liber din Metrou (USLM) a organizat, s\u0103pt\u0103m\u00e2na trecut\u0103, pichete de protest \u00een fa\u021ba Guvernului \u0219i a Ministerului de Finan\u021be, cer\u00e2nd cre\u0219terea salariilor conform Contractului Colectiv de Munc\u0103 \u00eencheiat la finele anului trecut \u0219i finan\u021barea corespunz\u0103toare a companiei.\u00a0<\/p>\n<p><a title=\"Sindicalistii de la metrou protesteaza, astazi, in fata Guvernului\" href=\"https:\/\/www.realitatea.net\/stiri\/actual\/sindicalistii-de-la-metrou-protesteaza-astazi-in-fata-guvernului_6790987345a682202370fe95\">Sindicali\u0219tii de la metrou protesteaz\u0103, ast\u0103zi, \u00een fa\u021ba Guvernului<\/a><\/p>","protected":false},"excerpt":{"rendered":"<p>Nemul\u021bumirile sindicali\u0219tilor sunt determinate de ordonan\u021ba-trenule\u021b care interzice angaj\u0103rile la Metrorex.&#8217;Deja avem un deficit de&hellip;<\/p>\n","protected":false},"author":0,"featured_media":27620,"comment_status":"open","ping_status":"open","sticky":false,"template":"","format":"standard","meta":{"footnotes":""},"categories":[2],"tags":[],"class_list":["post-27619","post","type-post","status-publish","format-standard","has-post-thumbnail","hentry","category-actual"],"_links":{"self":[{"href":"https:\/\/247stiri.ro\/index.php\/wp-json\/wp\/v2\/posts\/27619","targetHints":{"allow":["GET"]}}],"collection":[{"href":"https:\/\/247stiri.ro\/index.php\/wp-json\/wp\/v2\/posts"}],"about":[{"href":"https:\/\/247stiri.ro\/index.php\/wp-json\/wp\/v2\/types\/post"}],"replies":[{"embeddable":true,"href":"https:\/\/247stiri.ro\/index.php\/wp-json\/wp\/v2\/comments?post=27619"}],"version-history":[{"count":0,"href":"https:\/\/247stiri.ro\/index.php\/wp-json\/wp\/v2\/posts\/27619\/revisions"}],"wp:featuredmedia":[{"embeddable":true,"href":"https:\/\/247stiri.ro\/index.php\/wp-json\/wp\/v2\/media\/27620"}],"wp:attachment":[{"href":"https:\/\/247stiri.ro\/index.php\/wp-json\/wp\/v2\/media?parent=27619"}],"wp:term":[{"taxonomy":"category","embeddable":true,"href":"https:\/\/247stiri.ro\/index.php\/wp-json\/wp\/v2\/categories?post=27619"},{"taxonomy":"post_tag","embeddable":true,"href":"https:\/\/247stiri.ro\/index.php\/wp-json\/wp\/v2\/tags?post=27619"}],"curies":[{"name":"wp","href":"https:\/\/api.w.org\/{rel}","templated":true}]}}