{"id":27626,"date":"2025-01-29T19:45:03","date_gmt":"2025-01-29T19:45:03","guid":{"rendered":"https:\/\/247stiri.ro\/index.php\/2025\/01\/29\/victorie-pentru-madalina-ghenea-femeia-care-o-hartuia-a-fost-trimisa-in-judecata-vreau-sa-merg-pana-la-capat\/"},"modified":"2025-01-29T19:45:03","modified_gmt":"2025-01-29T19:45:03","slug":"victorie-pentru-madalina-ghenea-femeia-care-o-hartuia-a-fost-trimisa-in-judecata-vreau-sa-merg-pana-la-capat","status":"publish","type":"post","link":"https:\/\/247stiri.ro\/index.php\/2025\/01\/29\/victorie-pentru-madalina-ghenea-femeia-care-o-hartuia-a-fost-trimisa-in-judecata-vreau-sa-merg-pana-la-capat\/","title":{"rendered":"Victorie pentru M\u0103d\u0103lina Ghenea. Femeia care o h\u0103r\u021buia a fost trimis\u0103 \u00een judecat\u0103: \u201eVreau s\u0103 merg p\u00e2n\u0103 la cap\u0103t\u201d"},"content":{"rendered":"<p>Femeia h\u0103r\u021buitoare a fost trimis\u0103 \u00een judecat\u0103<\/p>\n<p>Dup\u0103 o prim\u0103 audiere desf\u0103\u0219urat\u0103 luna trecut\u0103, \u00een cadrul c\u0103reia au fost prezentate probele, un judec\u0103tor italian a decis continuarea procesului penal, prima \u0219edin\u021b\u0103 fiind programat\u0103 pentru 10 aprilie. <a href=\"https:\/\/www.realitatea.net\/stiri\/monden\/madalina-ghenea-asa-cum-nu-ai-mai-vazuto-fanii-acritei-sunt-in-delir-esti-cea-mai-frumoasa-femeie-din-lume_6710f517715e4d05e211ec17\" target=\"_blank\">M\u0103d\u0103lina Ghenea<\/a> a declarat pentru presa italian\u0103 c\u0103 este determinat\u0103 s\u0103 lupte pentru dreptate:<\/p>\n<p>\u201eVreau s\u0103 merg p\u00e2n\u0103 la cap\u0103t. Este un proces important pentru mine \u0219i pentru familia mea. Instan\u021ba ne-a dat dreptate, dar vreau s\u0103 \u00een\u021beleg cine este aceast\u0103 femeie \u0219i ce a determinat-o s\u0103 ac\u021bioneze astfel. Avocatul ei sus\u021bine c\u0103 nu este ea, atunci cine este? \u00cen plus, exist\u0103 un al doilea dosar de h\u0103r\u021buire, deschis \u00eempotriva unei alte persoane. Vreau s\u0103 aflu adev\u0103rul.&#8221;<\/p>\n<p>Actri\u021ba a depus pl\u00e2ngerea ini\u021bial\u0103 \u00een iunie 2021, reclam\u00e2nd c\u0103 este victima unei campanii sus\u021binute de h\u0103r\u021buire. Pe l\u00e2ng\u0103 ea, \u0219i mama sa s-a constituit parte civil\u0103 \u00een proces, sus\u021bin\u00e2nd c\u0103 \u00eentreaga familie a fost afectat\u0103, fiind nevoit\u0103 s\u0103 \u00ee\u0219i schimbe stilul de via\u021b\u0103 de teama agresiunilor.<\/p>\n<p>Calvarul tr\u0103it de M\u0103d\u0103lina Ghenea<\/p>\n<p>Conform acuza\u021biilor, femeia urm\u0103rit\u0103 penal ar fi creat numeroase profiluri false pe Instagram, de unde ar fi lansat atacuri denigratoare la adresa actri\u021bei. Mai mult, aceasta ar fi \u00eencercat s\u0103 ob\u021bin\u0103 informa\u021bii despre programul \u0219i deplas\u0103rile M\u0103d\u0103linei Ghenea, contact\u00e2nd persoane din anturajul s\u0103u profesional, inclusiv regizorul Paolo Genovese \u0219i fotograful Adolfo Franz\u00f2. Actri\u021ba sus\u021bine c\u0103 aceste ac\u021biuni i-au afectat echilibrul psihic \u0219i i-au cauzat pierderi economice, determin\u00e2nd-o s\u0103 rateze contracte importante. De exemplu, \u00een loc s\u0103 fie prezent\u0103 la S\u0103pt\u0103m\u00e2na Modei de la Paris, M\u0103d\u0103lina a fost nevoit\u0103 s\u0103 participe la audierea din instan\u021b\u0103.<\/p>\n<p>\u00cen sala de judecat\u0103, actri\u021ba a lansat un apel pentru o schimbare \u00een ceea ce prive\u0219te siguran\u021ba pe re\u021belele sociale:<\/p>\n<p>\u201eAmenin\u021b\u0103rile \u0219i insultele trimise constant \u00een mediul online sunt echivalentul unui str\u0103in care \u00ee\u021bi bate la u\u0219\u0103 zi de zi \u0219i \u00ee\u021bi spune c\u0103 trebuie s\u0103 mori. Este o realitate care nu poate fi ignorat\u0103. Vreau s\u0103 contribui la o schimbare, astfel \u00eenc\u00e2t nimeni s\u0103 nu mai fie nevoit s\u0103 treac\u0103 printr-o astfel de experien\u021b\u0103.&#8221;<\/p>\n<p>Procesul continu\u0103, iar <a href=\"https:\/\/www.realitatea.net\/stiri\/monden\/victorie-in-instanta-pentru-ravnita-actrita-ce-a-transmis-madalina-ghenea-dupa-ce-a-scapat-de-hartuitor_670e474b3d544648e03fb412\" target=\"_blank\">M\u0103d\u0103lina Ghenea<\/a> r\u0103m\u00e2ne hot\u0103r\u00e2t\u0103 s\u0103 duc\u0103 lupta pentru justi\u021bie p\u00e2n\u0103 la cap\u0103t.<\/p>","protected":false},"excerpt":{"rendered":"<p>Femeia h\u0103r\u021buitoare a fost trimis\u0103 \u00een judecat\u0103 Dup\u0103 o prim\u0103 audiere desf\u0103\u0219urat\u0103 luna trecut\u0103, \u00een&hellip;<\/p>\n","protected":false},"author":0,"featured_media":27627,"comment_status":"open","ping_status":"open","sticky":false,"template":"","format":"standard","meta":{"footnotes":""},"categories":[8],"tags":[],"class_list":["post-27626","post","type-post","status-publish","format-standard","has-post-thumbnail","hentry","category-lifestyle"],"_links":{"self":[{"href":"https:\/\/247stiri.ro\/index.php\/wp-json\/wp\/v2\/posts\/27626","targetHints":{"allow":["GET"]}}],"collection":[{"href":"https:\/\/247stiri.ro\/index.php\/wp-json\/wp\/v2\/posts"}],"about":[{"href":"https:\/\/247stiri.ro\/index.php\/wp-json\/wp\/v2\/types\/post"}],"replies":[{"embeddable":true,"href":"https:\/\/247stiri.ro\/index.php\/wp-json\/wp\/v2\/comments?post=27626"}],"version-history":[{"count":0,"href":"https:\/\/247stiri.ro\/index.php\/wp-json\/wp\/v2\/posts\/27626\/revisions"}],"wp:featuredmedia":[{"embeddable":true,"href":"https:\/\/247stiri.ro\/index.php\/wp-json\/wp\/v2\/media\/27627"}],"wp:attachment":[{"href":"https:\/\/247stiri.ro\/index.php\/wp-json\/wp\/v2\/media?parent=27626"}],"wp:term":[{"taxonomy":"category","embeddable":true,"href":"https:\/\/247stiri.ro\/index.php\/wp-json\/wp\/v2\/categories?post=27626"},{"taxonomy":"post_tag","embeddable":true,"href":"https:\/\/247stiri.ro\/index.php\/wp-json\/wp\/v2\/tags?post=27626"}],"curies":[{"name":"wp","href":"https:\/\/api.w.org\/{rel}","templated":true}]}}