{"id":27645,"date":"2025-01-29T20:44:53","date_gmt":"2025-01-29T20:44:53","guid":{"rendered":"https:\/\/247stiri.ro\/index.php\/2025\/01\/29\/crima-socanta-o-mama-vitrega-si-a-lasat-fiica-de-3-ani-sa-se-inece-in-masina-de-spalat\/"},"modified":"2025-01-29T20:44:53","modified_gmt":"2025-01-29T20:44:53","slug":"crima-socanta-o-mama-vitrega-si-a-lasat-fiica-de-3-ani-sa-se-inece-in-masina-de-spalat","status":"publish","type":"post","link":"https:\/\/247stiri.ro\/index.php\/2025\/01\/29\/crima-socanta-o-mama-vitrega-si-a-lasat-fiica-de-3-ani-sa-se-inece-in-masina-de-spalat\/","title":{"rendered":"Crim\u0103 \u0219ocant\u0103: o mam\u0103 vitreg\u0103 \u0219i-a l\u0103sat fiica de 3 ani s\u0103 se \u00eenece \u00een ma\u0219ina de sp\u0103lat"},"content":{"rendered":"<p>Cum s-a petrecut tragedia<\/p>\n<p>Feti\u021ba, Isabelly Oliveira Assuncao, locuia \u00een mod obi\u0219nuit cu mama ei biologic\u0103, \u00eens\u0103 \u00ee\u0219i petrecea sf\u00e2r\u0219itul de s\u0103pt\u0103m\u00e2n\u0103 al\u0103turi de tat\u0103l ei \u0219i so\u021bia acestuia. \u00cen timpul unei astfel de vizite, copilul \u0219i-a g\u0103sit sf\u00e2r\u0219itul \u00eentr-un mod tragic.<\/p>\n<p><a href=\"https:\/\/www.realitatea.net\/stiri\/actual\/tragedie-in-iasi-un-copil-de-3-ani-a-murit-dupa-ce-a-fost-lasat-singur-in-casa-parintii-erau-plecati-la-un-bar_67939b8279b9fb2c91069f4c\" target=\"_blank\">Potrivit anchetatorilor,<\/a> mama vitreg\u0103 ar fi plasat un sc\u0103unel l\u00e2ng\u0103 o ma\u0219in\u0103 de sp\u0103lat vertical\u0103, plin\u0103 cu ap\u0103, \u0219i ar fi pus \u00een interior juc\u0103riile preferate ale feti\u021bei pentru a o atrage s\u0103 intre. Copila s-a urcat pe scaun pentru a ajunge la juc\u0103rii, dar a c\u0103zut \u00een cuv\u0103 \u0219i s-a \u00eenecat. De\u0219i ar fi putut s\u0103 intervin\u0103 \u0219i s\u0103 o salveze, femeia nu a f\u0103cut nimic pentru a-i oferi ajutor.<\/p>\n<p>Procurorii: \u201e\u0218i-a asumat con\u0219tient riscul\u201d<\/p>\n<p><a href=\"https:\/\/www.realitatea.net\/stiri\/actual\/tragedie-fara-margini-anastasia-a-murit-la-doar-doi-ani-intrun-accident-cumplit-la-o-cresa-privata-din-romania-a-fost-strivita-de-lada-unei-canapele_678f97dc12432926ce5f35be\" target=\"_blank\">Autorit\u0103\u021bile investigheaz\u0103 cazul<\/a>, iar procurorii sus\u021bin c\u0103 femeia \u0219i-a premeditat ac\u021biunile \u0219i a acceptat riscul ca feti\u021ba s\u0103 moar\u0103.<\/p>\n<p>\u201e\u0218i-a prev\u0103zut \u0219i \u0219i-a asumat \u00een mod con\u0219tient riscul de a provoca moartea victimei. A plasat un scaun de plastic \u00een fa\u021ba ma\u0219inii de sp\u0103lat, care era plin\u0103 cu ap\u0103. A pus juc\u0103riile copilului \u00een interior \u0219i a a\u0219ezat-o pe fat\u0103 pe scaun, \u00eencuraj\u00e2nd-o s\u0103 se joace acolo&#8221;, au declarat procurorii.<\/p>\n<p>\u00cen prezent, femeia este anchetat\u0103 pentru moartea copilei, iar autorit\u0103\u021bile \u00eencearc\u0103 s\u0103 stabileasc\u0103 toate detaliile acestui caz \u0219ocant. Tat\u0103l feti\u021bei este devastat, iar comunitatea local\u0103 este \u00een stare de \u0219oc dup\u0103 aceast\u0103 tragedie care ridic\u0103 mari semne de \u00eentrebare asupra siguran\u021bei copiilor \u00een astfel de situa\u021bii.<\/p>","protected":false},"excerpt":{"rendered":"<p>Cum s-a petrecut tragedia Feti\u021ba, Isabelly Oliveira Assuncao, locuia \u00een mod obi\u0219nuit cu mama ei&hellip;<\/p>\n","protected":false},"author":0,"featured_media":27646,"comment_status":"open","ping_status":"open","sticky":false,"template":"","format":"standard","meta":{"footnotes":""},"categories":[4],"tags":[],"class_list":["post-27645","post","type-post","status-publish","format-standard","has-post-thumbnail","hentry","category-extern"],"_links":{"self":[{"href":"https:\/\/247stiri.ro\/index.php\/wp-json\/wp\/v2\/posts\/27645","targetHints":{"allow":["GET"]}}],"collection":[{"href":"https:\/\/247stiri.ro\/index.php\/wp-json\/wp\/v2\/posts"}],"about":[{"href":"https:\/\/247stiri.ro\/index.php\/wp-json\/wp\/v2\/types\/post"}],"replies":[{"embeddable":true,"href":"https:\/\/247stiri.ro\/index.php\/wp-json\/wp\/v2\/comments?post=27645"}],"version-history":[{"count":0,"href":"https:\/\/247stiri.ro\/index.php\/wp-json\/wp\/v2\/posts\/27645\/revisions"}],"wp:featuredmedia":[{"embeddable":true,"href":"https:\/\/247stiri.ro\/index.php\/wp-json\/wp\/v2\/media\/27646"}],"wp:attachment":[{"href":"https:\/\/247stiri.ro\/index.php\/wp-json\/wp\/v2\/media?parent=27645"}],"wp:term":[{"taxonomy":"category","embeddable":true,"href":"https:\/\/247stiri.ro\/index.php\/wp-json\/wp\/v2\/categories?post=27645"},{"taxonomy":"post_tag","embeddable":true,"href":"https:\/\/247stiri.ro\/index.php\/wp-json\/wp\/v2\/tags?post=27645"}],"curies":[{"name":"wp","href":"https:\/\/api.w.org\/{rel}","templated":true}]}}