{"id":27653,"date":"2025-01-29T20:44:56","date_gmt":"2025-01-29T20:44:56","guid":{"rendered":"https:\/\/247stiri.ro\/index.php\/2025\/01\/29\/ancheta-la-o-gradinita-din-urziceni-un-copil-de-5-ani-ar-fi-fost-batut-crunt-de-o-ingrijitoare-pentru-ca-a-refuzat-sa-doarma\/"},"modified":"2025-01-29T20:44:56","modified_gmt":"2025-01-29T20:44:56","slug":"ancheta-la-o-gradinita-din-urziceni-un-copil-de-5-ani-ar-fi-fost-batut-crunt-de-o-ingrijitoare-pentru-ca-a-refuzat-sa-doarma","status":"publish","type":"post","link":"https:\/\/247stiri.ro\/index.php\/2025\/01\/29\/ancheta-la-o-gradinita-din-urziceni-un-copil-de-5-ani-ar-fi-fost-batut-crunt-de-o-ingrijitoare-pentru-ca-a-refuzat-sa-doarma\/","title":{"rendered":"Anchet\u0103 la o gr\u0103dini\u021b\u0103 din Urziceni: un copil de 5 ani ar fi fost b\u0103tut crunt de o \u00eengrijitoare pentru c\u0103 a refuzat s\u0103 doarm\u0103"},"content":{"rendered":"<p>Copilul ar fi fost lovit \u00een fa\u021ba educatoarei \u0219i a colegilor<\/p>\n<p>Potrivit declara\u021biilor p\u0103rin\u021bilor,<a href=\"https:\/\/www.realitatea.net\/stiri\/actual\/un-minor-de-16-ani-a-ajuns-de-urgenta-la-spital-dupa-ce-a-fost-agresat-de-un-coleg-totul-sa-petrecut-in-pauza-de-la-scoala_678fa686708d665c850336e2\" target=\"_blank\"> incidentul s-ar fi petrecut mar\u021bi<\/a>, dup\u0103 masa de pr\u00e2nz, \u00een momentul \u00een care \u00eengrijitoarea \u00eei preg\u0103tea pe cei mici pentru somn. B\u0103ie\u021belul ar fi refuzat s\u0103 \u00eembrace pijamalele, ceea ce ar fi determinat reac\u021bia violent\u0103 a femeii, arat\u0103<a href=\"https:\/\/stirileprotv.ro\/stiri\/actualitate\/un-copil-de-5-ani-ar-fi-fost-batut-de-ingrijitoare-la-gradinita-in-slobozia-pentru-ca-nu-ar-fi-vrut-sa-doarma.html?utm_medium=Social&amp;utm_source=Facebook&amp;fbclid=IwY2xjawIHPqZleHRuA2FlbQIxMQABHb_uBmd26FPk4pppvTkXo8b2ATddPRSLwds4ue8BTS8QqVgYYqY7CZDpcQ_aem_R1bRHXdbulWylHINKPi3Vg#Echobox=1738163682\" target=\"_blank\"> stirileprotv.ro.<\/a> Tat\u0103l copilului a povestit c\u0103, atunci c\u00e2nd \u0219i-a luat fiul acas\u0103, a observat urme vizibile de palm\u0103 pe fa\u021ba acestuia.<\/p>\n<p>\u201eErau to\u021bi copiii \u00een pat, au fost martori la ceea ce s-a \u00eent\u00e2mplat. Inclusiv educatoarea era prezent\u0103, dar nu a intervenit&#8221;, a declarat tat\u0103l copilului, conform sursei citate mai sus.<\/p>\n<p>Mama copilului a cerut explica\u021bii educatoarei, dar aceasta i-ar fi spus c\u0103 urmele de pe fa\u021ba micu\u021bului sunt cauzate de faptul c\u0103 ar fi dormit pe m\u00e2n\u0103. O alt\u0103 mam\u0103 din grup\u0103 a relatat c\u0103 propriul s\u0103u copil i-a povestit cum un coleg a fost b\u0103tut de \u00eengrijitoare.<\/p>\n<p>\u00cengrijitoarea neag\u0103 acuza\u021biile, dar \u0219i-a dat demisia<\/p>\n<p>\u00cen urma reclama\u021biei p\u0103rin\u021bilor, Inspectoratul \u0218colar din Ialomi\u021ba a \u00eenceput o anchet\u0103 intern\u0103. De\u0219i \u00eengrijitoarea nu a recunoscut c\u0103 ar fi agresat copilul, miercuri \u0219i-a dat demisia.<\/p>\n<p>Inspectoratul de Poli\u021bie Jude\u021bean Ialomi\u021ba a confirmat c\u0103 \u00een acest caz a fost \u00eentocmit un dosar penal pentru purtare abuziv\u0103 \u0219i abuz \u00een serviciu. Cercet\u0103rile sunt \u00een desf\u0103\u0219urare sub coordonarea unui procuror.<\/p>\n<p>\u201eSe efectueaz\u0103 verific\u0103ri pentru stabilirea tuturor \u00eemprejur\u0103rilor \u00een care s-a produs acest incident&#8221;, a precizat Andreea Loghin, purt\u0103tor de cuv\u00e2nt al IPJ Ialomi\u021ba.<\/p>\n<p><a href=\"https:\/\/www.realitatea.net\/stiri\/actual\/barbati-retinuti-dupa-ce-au-batut-un-copil-de-13-ani-in-seara-de-revelion-minorul-a-ajuns-la-spital_678100ac18882d6ed643fe82\" target=\"_blank\">\u00cengrijora\u021bi de siguran\u021ba fiului lor<\/a>, p\u0103rin\u021bii au anun\u021bat c\u0103 doresc s\u0103 \u00eel transfere la o alt\u0103 gr\u0103dini\u021b\u0103 c\u00e2t mai cur\u00e2nd posibil.<\/p>\n<p>\u00a0<\/p>\n<p>\u00a0<\/p>\n<p>\u00a0<\/p>\n<p>\u00a0<\/p>","protected":false},"excerpt":{"rendered":"<p>Copilul ar fi fost lovit \u00een fa\u021ba educatoarei \u0219i a colegilor Potrivit declara\u021biilor p\u0103rin\u021bilor, incidentul&hellip;<\/p>\n","protected":false},"author":0,"featured_media":27654,"comment_status":"open","ping_status":"open","sticky":false,"template":"","format":"standard","meta":{"footnotes":""},"categories":[2],"tags":[],"class_list":["post-27653","post","type-post","status-publish","format-standard","has-post-thumbnail","hentry","category-actual"],"_links":{"self":[{"href":"https:\/\/247stiri.ro\/index.php\/wp-json\/wp\/v2\/posts\/27653","targetHints":{"allow":["GET"]}}],"collection":[{"href":"https:\/\/247stiri.ro\/index.php\/wp-json\/wp\/v2\/posts"}],"about":[{"href":"https:\/\/247stiri.ro\/index.php\/wp-json\/wp\/v2\/types\/post"}],"replies":[{"embeddable":true,"href":"https:\/\/247stiri.ro\/index.php\/wp-json\/wp\/v2\/comments?post=27653"}],"version-history":[{"count":0,"href":"https:\/\/247stiri.ro\/index.php\/wp-json\/wp\/v2\/posts\/27653\/revisions"}],"wp:featuredmedia":[{"embeddable":true,"href":"https:\/\/247stiri.ro\/index.php\/wp-json\/wp\/v2\/media\/27654"}],"wp:attachment":[{"href":"https:\/\/247stiri.ro\/index.php\/wp-json\/wp\/v2\/media?parent=27653"}],"wp:term":[{"taxonomy":"category","embeddable":true,"href":"https:\/\/247stiri.ro\/index.php\/wp-json\/wp\/v2\/categories?post=27653"},{"taxonomy":"post_tag","embeddable":true,"href":"https:\/\/247stiri.ro\/index.php\/wp-json\/wp\/v2\/tags?post=27653"}],"curies":[{"name":"wp","href":"https:\/\/api.w.org\/{rel}","templated":true}]}}