{"id":27655,"date":"2025-01-29T20:44:56","date_gmt":"2025-01-29T20:44:56","guid":{"rendered":"https:\/\/247stiri.ro\/index.php\/2025\/01\/29\/ce-au-decis-nicusor-dan-si-elena-lasconi-la-intalnirea-strategica-in-vederea-alegerilor-prezidentiale-cine-va-ramane-in-cursa-electorala\/"},"modified":"2025-01-29T20:44:56","modified_gmt":"2025-01-29T20:44:56","slug":"ce-au-decis-nicusor-dan-si-elena-lasconi-la-intalnirea-strategica-in-vederea-alegerilor-prezidentiale-cine-va-ramane-in-cursa-electorala","status":"publish","type":"post","link":"https:\/\/247stiri.ro\/index.php\/2025\/01\/29\/ce-au-decis-nicusor-dan-si-elena-lasconi-la-intalnirea-strategica-in-vederea-alegerilor-prezidentiale-cine-va-ramane-in-cursa-electorala\/","title":{"rendered":"Ce au decis Nicu\u0219or Dan \u0219i Elena Lasconi la \u00eent\u00e2lnirea strategic\u0103 \u00een vederea alegerilor preziden\u021biale. Cine va r\u0103m\u00e2ne \u00een cursa electoral\u0103"},"content":{"rendered":"<p>El a precizat c\u0103 discu\u021biile desf\u0103\u0219urate la sediul Uniunii Salva\u021bi Rom\u00e2nia au vizat: alegerile preziden\u021biale, rolul USR \u00een administra\u021bia local\u0103 \u0219i implementarea \u00een legisla\u021bie a rezultatelor referendumului local din 24 noiembrie.&#8217;Este o perioad\u0103 \u00een care fiecare dintre noi face campanie. \u00cenc\u0103 nu au venit toate sondajele. (&#8230;) (Candidatura, n.r.) este o decizie pe care am luat-o dup\u0103 ce am v\u0103zut inclusiv sondajele. Discu\u021bia este cum s\u0103 optimiz\u0103m, astfel \u00eenc\u00e2t \u0219ansele unui candidat pro-occidental s\u0103 fie cele mai bune pentru turul doi. Am v\u0103zut situa\u021bia Rom\u00e2niei, m-am g\u00e2ndit dac\u0103 sunt sau nu util \u00een aceast\u0103 pozi\u021bie, pentru schimb\u0103rile de care Rom\u00e2nia are nevoie \u0219i m-am confirmat cu un sondaj, astfel \u00eenc\u00e2t s\u0103 nu \u00eencurc. Acesta a fost modul \u00een care am luat decizia&#8217;, a spus edilul general, miercuri, \u00eentr-o declara\u021bie de pres\u0103.El a opinat c\u0103 este &#8216;foarte pu\u021bin probabil&#8217; ca \u00een turul doi al alegerilor preziden\u021biale s\u0103 ajung\u0103 doi candida\u021bi &#8216;izola\u021bioni\u0219ti&#8217;.<\/p>\n<p><a title=\"Lasconi a luat foc dupa limitarea programului de vot in DIASPORA. Sefa rezistilor sare la gatul guvernului\" href=\"https:\/\/www.realitatea.net\/stiri\/actual\/lasconi-a-luat-foc-dupa-limitarea-programului-de-vot-in-diaspora-sefa-rezistilor-sare-la-gatul-guvernului_6789182c23394330bd6d9763\">Lasconi a luat foc dup\u0103 limitarea programului de vot \u00een DIASPORA. \u0218efa rezi\u0219tilor sare la g\u00e2tul guvernului<\/a>&#8216;\u00cen aceast\u0103 ecua\u021bie \u00een care sunt \u00een momentul acesta, e liber pentru candidaturi pe partea pro-occidental\u0103. (&#8230;) Bine\u00een\u021beles c\u0103 exist\u0103 riscul acesta (al fragment\u0103rii votului, n.r.), dar pentru moment campania abia \u00eencepe. (&#8230;) Eu vorbesc pentru mine \u0219i eu voi r\u0103m\u00e2ne \u00een curs\u0103. \u00cenainte de a lua aceast\u0103 decizie, m-am uitat pe un sondaj, pentru ca nu cumva candidatura mea s\u0103 \u00eencurce. \u0218i sondajul mi-a confirmat c\u0103 aceast\u0103 candidatur\u0103 a mea nu \u00eencurc\u0103&#8217;, a spus primarul Capitalei, citat de Agerpres.Totodat\u0103, Nicu\u0219or Dan a subliniat c\u0103 sus\u021binerea candidaturii Elenei Lasconi este o decizie care apar\u021bine USR.&#8217;Eu discut cu foarte mult\u0103 lume, numai c\u0103 discu\u021biile sunt una \u0219i deciziile oficiale sunt alta. \u00cen momentul acesta, Elena Lasconi este un candidat asumat de un partid \u0219i, \u00een afar\u0103 de a discuta, nu pot s\u0103 schimb aceast\u0103 realitate&#8217;, a spus el.Primarul Capitalei a declarat c\u0103 va solicita oamenilor s\u0103 doneze pentru campania sa \u0219i c\u0103 va apela \u0219i la \u00eemprumuturi, av\u00e2nd \u00een vedere ca statul ramburseaz\u0103 cheltuielile candida\u021bilor care ob\u021bin mai mult de 3% la alegeri.&#8217;Nu e vorba de persoane aici, este vorba de Rom\u00e2nia, care traverseaz\u0103 o criz\u0103 uria\u0219\u0103 de \u00eencredere \u00een clasa politic\u0103, o criz\u0103 de \u00eencredere \u00een modul \u00een care func\u021bioneaz\u0103 institu\u021biile statului. Tot obiectivul acestei campanii este ca to\u021bi candida\u021bii, inclusiv eu, s\u0103 vin\u0103 s\u0103 spun\u0103 care sunt solu\u021biile pentru aceast\u0103 criz\u0103 pe care o travers\u0103m. Un lucru foarte important, care cred eu c\u0103 o s\u0103 fac\u0103 diferen\u021ba \u00een aceast\u0103 campanie, este c\u00e2t de mult vor ajuta voluntarii fiec\u0103ruia dintre candida\u021bi. (&#8230;) \u00cen turul doi, a\u0219a cum sunt datele \u00een momentul acesta, o s\u0103 intre un candidat pro-occidental. Mai departe, ce se va \u00eent\u00e2mpla \u00eentre candida\u021bii pro-occidentali depinde de proiectul fiec\u0103ruia&#8217;, a mai spus Nicu\u0219or Dan.<\/p>\n<p><a title=\"Nicusor Dan, dupa raportul Comisiei de la Venetia: Trebuie sa avem dovezi\" href=\"https:\/\/www.realitatea.net\/stiri\/actual\/nicusor-dan-dupa-raportul-comisiei-de-la-venetia-trebuie-sa-avem-dovezi_67977f52e70ab53d1314aa73\">Nicu\u0219or Dan, dup\u0103 raportul Comisiei de la Vene\u021bia: Trebuie s\u0103 avem dovezi<\/a><\/p>","protected":false},"excerpt":{"rendered":"<p>El a precizat c\u0103 discu\u021biile desf\u0103\u0219urate la sediul Uniunii Salva\u021bi Rom\u00e2nia au vizat: alegerile preziden\u021biale,&hellip;<\/p>\n","protected":false},"author":0,"featured_media":27650,"comment_status":"open","ping_status":"open","sticky":false,"template":"","format":"standard","meta":{"footnotes":""},"categories":[2],"tags":[],"class_list":["post-27655","post","type-post","status-publish","format-standard","has-post-thumbnail","hentry","category-actual"],"_links":{"self":[{"href":"https:\/\/247stiri.ro\/index.php\/wp-json\/wp\/v2\/posts\/27655","targetHints":{"allow":["GET"]}}],"collection":[{"href":"https:\/\/247stiri.ro\/index.php\/wp-json\/wp\/v2\/posts"}],"about":[{"href":"https:\/\/247stiri.ro\/index.php\/wp-json\/wp\/v2\/types\/post"}],"replies":[{"embeddable":true,"href":"https:\/\/247stiri.ro\/index.php\/wp-json\/wp\/v2\/comments?post=27655"}],"version-history":[{"count":0,"href":"https:\/\/247stiri.ro\/index.php\/wp-json\/wp\/v2\/posts\/27655\/revisions"}],"wp:featuredmedia":[{"embeddable":true,"href":"https:\/\/247stiri.ro\/index.php\/wp-json\/wp\/v2\/media\/27650"}],"wp:attachment":[{"href":"https:\/\/247stiri.ro\/index.php\/wp-json\/wp\/v2\/media?parent=27655"}],"wp:term":[{"taxonomy":"category","embeddable":true,"href":"https:\/\/247stiri.ro\/index.php\/wp-json\/wp\/v2\/categories?post=27655"},{"taxonomy":"post_tag","embeddable":true,"href":"https:\/\/247stiri.ro\/index.php\/wp-json\/wp\/v2\/tags?post=27655"}],"curies":[{"name":"wp","href":"https:\/\/api.w.org\/{rel}","templated":true}]}}