{"id":27665,"date":"2025-01-29T21:49:44","date_gmt":"2025-01-29T21:49:44","guid":{"rendered":"https:\/\/247stiri.ro\/index.php\/2025\/01\/29\/veste-prosta-pentru-soferi-se-pregateste-o-noua-taxa-de-mediu-cine-ar-urma-sa-o-plateasca\/"},"modified":"2025-01-29T21:49:44","modified_gmt":"2025-01-29T21:49:44","slug":"veste-prosta-pentru-soferi-se-pregateste-o-noua-taxa-de-mediu-cine-ar-urma-sa-o-plateasca","status":"publish","type":"post","link":"https:\/\/247stiri.ro\/index.php\/2025\/01\/29\/veste-prosta-pentru-soferi-se-pregateste-o-noua-taxa-de-mediu-cine-ar-urma-sa-o-plateasca\/","title":{"rendered":"Veste prost\u0103 pentru \u0219oferi, se preg\u0103te\u0219te o nou\u0103 tax\u0103 de mediu. Cine ar urma s\u0103 o pl\u0103teasc\u0103?"},"content":{"rendered":"<p>\u00cen 2024, existau 3 milioane de autoturisme cu o vechime mai mare de 20 de ani \u00eenregistrate \u00een Rom\u00e2nia, potrivit datelor de la Direc\u021bia Generale Permise de Conducere \u0219i \u00cenmatricul\u0103ri (DGPCI), o cre\u0219tete a ponderei \u00een parcul auto de la 33% la 35%.<\/p>\n<p>\u201eContinu\u0103 achizi\u021bia nefiscalizat\u0103 de ma\u0219ini vechi. Statul nu c\u00e2\u0219tig\u0103 nimic din asta, statul ne taxeaz\u0103 pe noi, pe bun\u0103 dreptate, c\u0103 ma\u0219inile noi trebuie s\u0103 fie taxate\u201d, a declarat Mihai Bordeanu, citat de <a href=\"https:\/\/economedia.ro\/directorul-dacia-romania-propune-ca-achizitia-si-detinerea-de-masini-vechi-poluante-sa-fie-taxata.html?uord=kV4dKufiiGQtTm%3D0Ql0mLSVR7d1unc-GmD9ExGArJbi6tj9\/UFSPPF2KQSWnZIlIteF9mFMZp0eSIZ2MpFJMNDGPPF4yNihZ9tguxXSGkDyZkGI-HrFvhjIpI6i0PYk2ZCFzSdc3\" target=\"_blank\">Economedia.ro<\/a>&#8230;<\/p>\n<p>Directorul Dacia spune c\u0103 introducerea taxei ar putea ajuta \u00een contextul t\u0103ierilor de cheltuieli ale statului, legate de ordonan\u021ba \u201etrenule\u021b\u201d, dar \u0219i de reduceri de func\u021bionari publici. Singurul lucru care ne lipse\u0219te, de altminteri recunoscut \u0219i de fostul ministru \u0219i chiar \u0219i de actualul ministru, este decizia politic\u0103. Politica zice s\u0103 mai vedem, c\u0103 e o tax\u0103 \u00een plus. Nici m\u0103car nu am ajuns s\u0103 discut\u0103m cuantumul\u201d, a mai afirmat sursa citat\u0103.\u00a0<\/p>\n<p>Una dintre variantele propuse este ca taxarea s\u0103 fie f\u0103cut\u0103 la nivelul administra\u021biilor locale, care \u0219i-ar acoperi astfel o parte din deficitele bugetare \u0219i chiar ar putea ob\u021bine un profit.<\/p>\n<p>\u00a0<\/p>","protected":false},"excerpt":{"rendered":"<p>\u00cen 2024, existau 3 milioane de autoturisme cu o vechime mai mare de 20 de&hellip;<\/p>\n","protected":false},"author":0,"featured_media":27666,"comment_status":"open","ping_status":"open","sticky":false,"template":"","format":"standard","meta":{"footnotes":""},"categories":[2],"tags":[],"class_list":["post-27665","post","type-post","status-publish","format-standard","has-post-thumbnail","hentry","category-actual"],"_links":{"self":[{"href":"https:\/\/247stiri.ro\/index.php\/wp-json\/wp\/v2\/posts\/27665","targetHints":{"allow":["GET"]}}],"collection":[{"href":"https:\/\/247stiri.ro\/index.php\/wp-json\/wp\/v2\/posts"}],"about":[{"href":"https:\/\/247stiri.ro\/index.php\/wp-json\/wp\/v2\/types\/post"}],"replies":[{"embeddable":true,"href":"https:\/\/247stiri.ro\/index.php\/wp-json\/wp\/v2\/comments?post=27665"}],"version-history":[{"count":0,"href":"https:\/\/247stiri.ro\/index.php\/wp-json\/wp\/v2\/posts\/27665\/revisions"}],"wp:featuredmedia":[{"embeddable":true,"href":"https:\/\/247stiri.ro\/index.php\/wp-json\/wp\/v2\/media\/27666"}],"wp:attachment":[{"href":"https:\/\/247stiri.ro\/index.php\/wp-json\/wp\/v2\/media?parent=27665"}],"wp:term":[{"taxonomy":"category","embeddable":true,"href":"https:\/\/247stiri.ro\/index.php\/wp-json\/wp\/v2\/categories?post=27665"},{"taxonomy":"post_tag","embeddable":true,"href":"https:\/\/247stiri.ro\/index.php\/wp-json\/wp\/v2\/tags?post=27665"}],"curies":[{"name":"wp","href":"https:\/\/api.w.org\/{rel}","templated":true}]}}