{"id":27667,"date":"2025-01-29T21:49:45","date_gmt":"2025-01-29T21:49:45","guid":{"rendered":"https:\/\/247stiri.ro\/index.php\/2025\/01\/29\/inca-o-lovitura-data-de-trump-curentului-woke-decret-pentru-incetarea-finantarii-scolilor-publice-care-predau-teoria-critica-a-rasei\/"},"modified":"2025-01-29T21:49:45","modified_gmt":"2025-01-29T21:49:45","slug":"inca-o-lovitura-data-de-trump-curentului-woke-decret-pentru-incetarea-finantarii-scolilor-publice-care-predau-teoria-critica-a-rasei","status":"publish","type":"post","link":"https:\/\/247stiri.ro\/index.php\/2025\/01\/29\/inca-o-lovitura-data-de-trump-curentului-woke-decret-pentru-incetarea-finantarii-scolilor-publice-care-predau-teoria-critica-a-rasei\/","title":{"rendered":"\u00cenc\u0103 o lovitur\u0103 dat\u0103 de Trump curentului WOKE: Decret pentru &#8216;\u00eencetarea finan\u021b\u0103rii \u0219colilor publice care predau teoria critic\u0103 a rasei&#8217;"},"content":{"rendered":"<p>Pre\u0219edintele american va &#8216;semna un decret (&#8230;) pentru a pune cap\u0103t finan\u021b\u0103rii \u0219colilor publice care predau &#8216;teoria critic\u0103 a rasei&#8217; \u0219i alte programe surs\u0103 de diviziuni&#8217;, a declarat noua purt\u0103toare de cuv\u00e2nt \u00een cursul unui interviu acordat canalului conservator.Acest concept, care desemneaz\u0103 ini\u021bial un curent de cercetare, este folosit \u00eentr-o manier\u0103 peiorativ\u0103 de c\u0103tre conservatori pentru a denun\u021ba disciplinele de sensibilizare la rasism.Donald Trump s-a angajat \u00een timpul campaniei electorale s\u0103 elimine orice finan\u021bare federal\u0103 a \u0219colilor care au adoptat &#8216;teoria critic\u0103 a rasei&#8217;, scrie Agerpres.<\/p>\n<p><a title=\"Ce impact va avea revenirea lui Trump asupra Romaniei. Avertismentul privind economia tarii\" href=\"https:\/\/www.realitatea.net\/stiri\/actual\/ce-impact-va-avea-revenirea-lui-trump-asupra-romaniei-avertismentul-asupra-economiei-tarii_67952110ae52ff46c50ba0c2\">Ce impact va avea revenirea lui Trump asupra Rom\u00e2niei. Avertismentul privind economia \u021b\u0103rii<\/a><\/p>\n<p>Ce este teoria critic\u0103 a rasei<\/p>\n<p>Teoria critic\u0103 a rasei este un domeniu academic axat pe rela\u021biile dintre concep\u021biile sociale despre ras\u0103 \u0219i etnie, legile sociale \u0219i politice \u0219i mass-media. Aceasta consider\u0103 c\u0103 rasismul este sistemic \u00een diverse legi \u0219i reguli \u0219i nu se bazeaz\u0103 doar pe prejudec\u0103\u021bile indivizilor.<\/p>\n<p>Adep\u021bii acestei teorii sus\u021bin c\u0103 construc\u021bia social\u0103 \u0219i legal\u0103 a rasei promoveaz\u0103 interesele oamenilor albi \u00een detrimentul oamenilor de culoare \u0219i c\u0103 no\u021biunea liberal\u0103 a dreptului american ca \u201eneutru\u201d joac\u0103 un rol semnificativ \u00een men\u021binerea unei ordini sociale nedrepte din punct de vedere rasial, \u00een care legile continu\u0103 s\u0103 aib\u0103 rezultate discriminatorii rasial.<\/p>\n<p><a title=\"Trump reinroleaza militarii concediati de Biden pentru ca nu s-au vaccinat anti-Covid\" href=\"https:\/\/www.realitatea.net\/stiri\/actual\/trump-reinroleaza-militarii-concediati-de-biden-pentru-ca-nu-sau-vaccinat-anticovid_67987f6444fa581b6a5fb5ea\">Trump re\u00eenroleaz\u0103 militarii concedia\u021bi de Biden pentru c\u0103 nu s-au vaccinat anti-Covid<\/a><\/p>","protected":false},"excerpt":{"rendered":"<p>Pre\u0219edintele american va &#8216;semna un decret (&#8230;) pentru a pune cap\u0103t finan\u021b\u0103rii \u0219colilor publice care&hellip;<\/p>\n","protected":false},"author":0,"featured_media":27661,"comment_status":"open","ping_status":"open","sticky":false,"template":"","format":"standard","meta":{"footnotes":""},"categories":[2],"tags":[],"class_list":["post-27667","post","type-post","status-publish","format-standard","has-post-thumbnail","hentry","category-actual"],"_links":{"self":[{"href":"https:\/\/247stiri.ro\/index.php\/wp-json\/wp\/v2\/posts\/27667","targetHints":{"allow":["GET"]}}],"collection":[{"href":"https:\/\/247stiri.ro\/index.php\/wp-json\/wp\/v2\/posts"}],"about":[{"href":"https:\/\/247stiri.ro\/index.php\/wp-json\/wp\/v2\/types\/post"}],"replies":[{"embeddable":true,"href":"https:\/\/247stiri.ro\/index.php\/wp-json\/wp\/v2\/comments?post=27667"}],"version-history":[{"count":0,"href":"https:\/\/247stiri.ro\/index.php\/wp-json\/wp\/v2\/posts\/27667\/revisions"}],"wp:featuredmedia":[{"embeddable":true,"href":"https:\/\/247stiri.ro\/index.php\/wp-json\/wp\/v2\/media\/27661"}],"wp:attachment":[{"href":"https:\/\/247stiri.ro\/index.php\/wp-json\/wp\/v2\/media?parent=27667"}],"wp:term":[{"taxonomy":"category","embeddable":true,"href":"https:\/\/247stiri.ro\/index.php\/wp-json\/wp\/v2\/categories?post=27667"},{"taxonomy":"post_tag","embeddable":true,"href":"https:\/\/247stiri.ro\/index.php\/wp-json\/wp\/v2\/tags?post=27667"}],"curies":[{"name":"wp","href":"https:\/\/api.w.org\/{rel}","templated":true}]}}