{"id":27678,"date":"2025-01-29T22:45:03","date_gmt":"2025-01-29T22:45:03","guid":{"rendered":"https:\/\/247stiri.ro\/index.php\/2025\/01\/29\/george-simion-dupa-protestele-organizate-de-suveranistii-romani-la-bruxelles-este-teama-la-cel-mai-inalt-nivel-se-tem-de-valul-care-vine-din-america\/"},"modified":"2025-01-29T22:45:03","modified_gmt":"2025-01-29T22:45:03","slug":"george-simion-dupa-protestele-organizate-de-suveranistii-romani-la-bruxelles-este-teama-la-cel-mai-inalt-nivel-se-tem-de-valul-care-vine-din-america","status":"publish","type":"post","link":"https:\/\/247stiri.ro\/index.php\/2025\/01\/29\/george-simion-dupa-protestele-organizate-de-suveranistii-romani-la-bruxelles-este-teama-la-cel-mai-inalt-nivel-se-tem-de-valul-care-vine-din-america\/","title":{"rendered":"George Simion, dup\u0103 protestele organizate de suverani\u0219tii rom\u00e2ni la Bruxelles: Este team\u0103 la cel mai \u00eenalt nivel, se tem de valul care vine din America"},"content":{"rendered":"<p>&#8222;Este fric\u0103 \u00een r\u00e2ndul birocra\u021bilor de la Bruxelles, am sim\u021bit asta \u0219i c\u00e2nd ne \u00eentrebau despre protestul nostru de azi, dac\u0103 este \u00eempotriva lor, a conducerii Parlamentului European \u0219i a actualei majorit\u0103\u021bi. Le-a fost fric\u0103 \u0219i pentru c\u0103 au v\u0103zut foarte mul\u021bi participan\u021bi la conferin\u021ba pe care am organizat-o.<\/p>\n<p><a title=\"Revolta a ajuns la usa institutiilor europene: romanii au iesit in strada la Bruxelles, in fata Parlamentului European, si cer turul 2 inapoi - VIDEO\" href=\"https:\/\/www.realitatea.net\/stiri\/politica\/revolta-a-ajuns-la-usa-institutiilor-europene-romanii-ies-in-strada-la-bruxelles-si-cer-turul-2-inapoi-live-video-si-live-text_679a34b0f72b710e6623ee62\">Revolta a ajuns la u\u0219a institu\u021biilor europene: rom\u00e2nii au ie\u0219it \u00een strad\u0103 la Bruxelles, \u00een fa\u021ba Parlamentului European, \u0219i cer turul 2 \u00eenapoi &#8211; VIDEO<\/a><\/p>\n<p>Le este fric\u0103 de acest val care vine din America \u0219i care va m\u0103tura multe dintre guvernele globaliste \u0219i \u00een cele din urm\u0103 actuala form\u0103 a institu\u021biilor europene, fie c\u0103 vorbim de Comisia European\u0103, de Consiliul European sau chiar de Parlamentul European. Se tem, cu siguran\u021ba \u0219i pentru propriile posturi \u0219i pentru c\u0103 pierd puterea, am avut probleme p\u00e2n\u0103 si cu titulatura reuniunii noastre &#8211; MEGA, Make Europe Great Again, a declarat liderul suveranist George Simion, \u00een exclusivitate la Realitatea Plus.<\/p>\n<p><a title=\"George Simion, mesaj transant de la Bruxelles: Iohannis si Ciolacu nu mai sunt bine vazuti niciunde in lumea libera. Iohannis trebui sa-si dea demisia de urgenta!\" href=\"https:\/\/www.realitatea.net\/stiri\/actual\/george-simion-mesaj-transant-de-la-bruxelles-iohannis-si-ciolacu-nu-mai-sunt-bine-vazuti-niciunde-in-lumea-libera-iohannis-trebui-sasi-dea-demisia-de-urgenta_679a3af504450864566b1a83\">George Simion, mesaj tran\u0219ant de la Bruxelles: Iohannis \u0219i Ciolacu nu mai sunt bine v\u0103zu\u021bi niciunde \u00een lumea liber\u0103. Iohannis trebui s\u0103-\u0219i dea demisia de urgen\u021b\u0103!<\/a>\u00a0<\/p>\n<p>\u00a0<\/p>","protected":false},"excerpt":{"rendered":"<p>&#8222;Este fric\u0103 \u00een r\u00e2ndul birocra\u021bilor de la Bruxelles, am sim\u021bit asta \u0219i c\u00e2nd ne \u00eentrebau&hellip;<\/p>\n","protected":false},"author":0,"featured_media":27675,"comment_status":"open","ping_status":"open","sticky":false,"template":"","format":"standard","meta":{"footnotes":""},"categories":[2],"tags":[],"class_list":["post-27678","post","type-post","status-publish","format-standard","has-post-thumbnail","hentry","category-actual"],"_links":{"self":[{"href":"https:\/\/247stiri.ro\/index.php\/wp-json\/wp\/v2\/posts\/27678","targetHints":{"allow":["GET"]}}],"collection":[{"href":"https:\/\/247stiri.ro\/index.php\/wp-json\/wp\/v2\/posts"}],"about":[{"href":"https:\/\/247stiri.ro\/index.php\/wp-json\/wp\/v2\/types\/post"}],"replies":[{"embeddable":true,"href":"https:\/\/247stiri.ro\/index.php\/wp-json\/wp\/v2\/comments?post=27678"}],"version-history":[{"count":0,"href":"https:\/\/247stiri.ro\/index.php\/wp-json\/wp\/v2\/posts\/27678\/revisions"}],"wp:featuredmedia":[{"embeddable":true,"href":"https:\/\/247stiri.ro\/index.php\/wp-json\/wp\/v2\/media\/27675"}],"wp:attachment":[{"href":"https:\/\/247stiri.ro\/index.php\/wp-json\/wp\/v2\/media?parent=27678"}],"wp:term":[{"taxonomy":"category","embeddable":true,"href":"https:\/\/247stiri.ro\/index.php\/wp-json\/wp\/v2\/categories?post=27678"},{"taxonomy":"post_tag","embeddable":true,"href":"https:\/\/247stiri.ro\/index.php\/wp-json\/wp\/v2\/tags?post=27678"}],"curies":[{"name":"wp","href":"https:\/\/api.w.org\/{rel}","templated":true}]}}