{"id":27697,"date":"2025-01-30T06:46:15","date_gmt":"2025-01-30T06:46:15","guid":{"rendered":"https:\/\/247stiri.ro\/index.php\/2025\/01\/30\/alerta-la-granita-romania-cu-ucraina-dupa-un-nou-atac-cu-drone-rusesti-populatia-din-judetul-tulcea-avertizata-prin-ro-alert\/"},"modified":"2025-01-30T06:46:15","modified_gmt":"2025-01-30T06:46:15","slug":"alerta-la-granita-romania-cu-ucraina-dupa-un-nou-atac-cu-drone-rusesti-populatia-din-judetul-tulcea-avertizata-prin-ro-alert","status":"publish","type":"post","link":"https:\/\/247stiri.ro\/index.php\/2025\/01\/30\/alerta-la-granita-romania-cu-ucraina-dupa-un-nou-atac-cu-drone-rusesti-populatia-din-judetul-tulcea-avertizata-prin-ro-alert\/","title":{"rendered":"ALERT\u0102 la grani\u021ba Rom\u00e2nia cu Ucraina, dup\u0103 un  nou ATAC cu drone ruse\u0219ti. Popula\u021bia din jude\u021bul Tulcea, avertizat\u0103 prin RO-Alert"},"content":{"rendered":"<p>Sistemele de monitorizare \u0219i supraveghere ale Ministerului Ap\u0103r\u0103rii Na\u021bionale au semnalat evolu\u021bia unor drone \u00een spa\u021biul aerian ucrainean, pe trasee de zbor \u00een apropierea frontierei cu Rom\u00e2nia.<\/p>\n<p>Ca urmare a acestei situa\u021bii, dou\u0103 aeronave F-16 ale For\u021belor Aeriene Rom\u00e2ne, aflate \u00een Serviciul de Lupt\u0103 Poli\u021bie Aerian\u0103, au decolat din Baza 86 Aerian\u0103 de la Borcea, \u00een jurul orei 3.40. Aeronavele au revenit \u00een baz\u0103 \u00een jurul orei 5.00.<\/p>\n<p>&#8222;Centrul Na\u021bional Militar de Comand\u0103 (nucleu) a notificat Inspectoratul General pentru Situa\u021bii de Urgen\u021b\u0103 privind instituirea m\u0103surilor de alertare a popula\u021biei \u00een jude\u021bul Tulcea. La ora 03.30, a fost transmis un mesaj RO-Alert, iar la ora 4.50 a fost declarat\u0103 \u00eencetarea m\u0103surilor de alertare \u00een zonele vizate&#8221;, a atransmis, joi diminea\u021b\u0103, MApN.<\/p>\n<p>Datele furnizate de sistemele radar ale For\u021belor Aeriene Rom\u00e2ne nu au indicat p\u0103trunderi ale \u021bintelor aeriene monitorizate \u00een spa\u021biul aerian na\u021bional. For\u021bele MApN vor executa, \u00een cursul acestei zile, conform procedurilor-standard, cercet\u0103ri \u00een zonele \u00een care pot s\u0103 apar\u0103 riscuri ca urmare a acestor situa\u021bii \u0219i vor continua misiunile de supraveghere a spa\u021biului aerian. De asemenea structurile aliate sunt informate \u00een timp real cu privire la situa\u021biile generate de atacuri.<\/p>\n<p>&#8222;Ministerul Ap\u0103r\u0103rii Na\u021bionale transmite un mesaj ferm de condamnare a acestor atacuri executate de Federa\u021bia Rus\u0103 \u00eempotriva unor obiective \u0219i elemente de infrastructur\u0103 civil\u0103 ucrainene, care sunt nejustificate \u0219i \u00een grav\u0103 contradic\u021bie cu normele de drept interna\u021bional&#8221;, mai arat\u0103 sursa citat\u0103.<\/p>","protected":false},"excerpt":{"rendered":"<p>Sistemele de monitorizare \u0219i supraveghere ale Ministerului Ap\u0103r\u0103rii Na\u021bionale au semnalat evolu\u021bia unor drone \u00een&hellip;<\/p>\n","protected":false},"author":0,"featured_media":27698,"comment_status":"open","ping_status":"open","sticky":false,"template":"","format":"standard","meta":{"footnotes":""},"categories":[2],"tags":[],"class_list":["post-27697","post","type-post","status-publish","format-standard","has-post-thumbnail","hentry","category-actual"],"_links":{"self":[{"href":"https:\/\/247stiri.ro\/index.php\/wp-json\/wp\/v2\/posts\/27697","targetHints":{"allow":["GET"]}}],"collection":[{"href":"https:\/\/247stiri.ro\/index.php\/wp-json\/wp\/v2\/posts"}],"about":[{"href":"https:\/\/247stiri.ro\/index.php\/wp-json\/wp\/v2\/types\/post"}],"replies":[{"embeddable":true,"href":"https:\/\/247stiri.ro\/index.php\/wp-json\/wp\/v2\/comments?post=27697"}],"version-history":[{"count":0,"href":"https:\/\/247stiri.ro\/index.php\/wp-json\/wp\/v2\/posts\/27697\/revisions"}],"wp:featuredmedia":[{"embeddable":true,"href":"https:\/\/247stiri.ro\/index.php\/wp-json\/wp\/v2\/media\/27698"}],"wp:attachment":[{"href":"https:\/\/247stiri.ro\/index.php\/wp-json\/wp\/v2\/media?parent=27697"}],"wp:term":[{"taxonomy":"category","embeddable":true,"href":"https:\/\/247stiri.ro\/index.php\/wp-json\/wp\/v2\/categories?post=27697"},{"taxonomy":"post_tag","embeddable":true,"href":"https:\/\/247stiri.ro\/index.php\/wp-json\/wp\/v2\/tags?post=27697"}],"curies":[{"name":"wp","href":"https:\/\/api.w.org\/{rel}","templated":true}]}}