{"id":27715,"date":"2025-01-30T07:44:51","date_gmt":"2025-01-30T07:44:51","guid":{"rendered":"https:\/\/247stiri.ro\/index.php\/2025\/01\/30\/anuntul-lui-trump-care-ingrijoreaza-israelul-iar-pe-zelenski-il-pune-pe-ganduri-decizie-radicala-a-presedintelui-sua\/"},"modified":"2025-01-30T07:44:51","modified_gmt":"2025-01-30T07:44:51","slug":"anuntul-lui-trump-care-ingrijoreaza-israelul-iar-pe-zelenski-il-pune-pe-ganduri-decizie-radicala-a-presedintelui-sua","status":"publish","type":"post","link":"https:\/\/247stiri.ro\/index.php\/2025\/01\/30\/anuntul-lui-trump-care-ingrijoreaza-israelul-iar-pe-zelenski-il-pune-pe-ganduri-decizie-radicala-a-presedintelui-sua\/","title":{"rendered":"Anun\u021bul lui Trump care \u00eengrijoreaz\u0103 Israelul, iar pe Zelenski \u00eel pune pe g\u00e2nduri. Decizie radical\u0103 a pre\u0219edintelui SUA"},"content":{"rendered":"<p>Potrivit unei informa\u0163ii difuzate de postul TV israelian de stat Kan, responsabili americani de rang \u00eenalt, al c\u0103ror nume nu a fost divulgat, au transmis Tel Aviv-ului un mesaj referitor la situa\u0163ia militarilor americani din Siria.<\/p>\n<p>Potrivit unui anun\u0163 f\u0103cut de Pentagon \u00een decembrie, Statele Unite au aproximativ 2.000 de militari desf\u0103\u015fura\u0163i \u00een Siria.<\/p>\n<p>Posibilitatea ca pre\u015fedintele SUA s\u0103 \u00eei retrag\u0103 pe militarii americani din Siria a generat \u00eengrijorare \u00een Israel, care consider\u0103 c\u0103 aceast\u0103 decizie ar putea influen\u0163a ac\u0163iunile organiza\u0163iei teroriste PKK\/YPG din Siria.<\/p>\n<p>Potrivit postului KAN, administra\u0163ia israelian\u0103 nu a f\u0103cut \u00eenc\u0103 o declara\u0163ie oficial\u0103 pe aceast\u0103 tem\u0103.<\/p>\n<p>\u00centre timp, ministrul israelian al ap\u0103r\u0103rii, Israel Katz, care a vizitat mar\u021bi Muntele Hermon din Siria, a subliniat inten\u021bia Israelului de a men\u021bine o prezen\u021b\u0103 militar\u0103 acolo &#8222;pe termen nelimitat&#8221;, \u00een urma ocup\u0103rii zonei luna trecut\u0103.<\/p>\n<p>\u00a0<\/p>","protected":false},"excerpt":{"rendered":"<p>Potrivit unei informa\u0163ii difuzate de postul TV israelian de stat Kan, responsabili americani de rang&hellip;<\/p>\n","protected":false},"author":0,"featured_media":27708,"comment_status":"open","ping_status":"open","sticky":false,"template":"","format":"standard","meta":{"footnotes":""},"categories":[2],"tags":[],"class_list":["post-27715","post","type-post","status-publish","format-standard","has-post-thumbnail","hentry","category-actual"],"_links":{"self":[{"href":"https:\/\/247stiri.ro\/index.php\/wp-json\/wp\/v2\/posts\/27715","targetHints":{"allow":["GET"]}}],"collection":[{"href":"https:\/\/247stiri.ro\/index.php\/wp-json\/wp\/v2\/posts"}],"about":[{"href":"https:\/\/247stiri.ro\/index.php\/wp-json\/wp\/v2\/types\/post"}],"replies":[{"embeddable":true,"href":"https:\/\/247stiri.ro\/index.php\/wp-json\/wp\/v2\/comments?post=27715"}],"version-history":[{"count":0,"href":"https:\/\/247stiri.ro\/index.php\/wp-json\/wp\/v2\/posts\/27715\/revisions"}],"wp:featuredmedia":[{"embeddable":true,"href":"https:\/\/247stiri.ro\/index.php\/wp-json\/wp\/v2\/media\/27708"}],"wp:attachment":[{"href":"https:\/\/247stiri.ro\/index.php\/wp-json\/wp\/v2\/media?parent=27715"}],"wp:term":[{"taxonomy":"category","embeddable":true,"href":"https:\/\/247stiri.ro\/index.php\/wp-json\/wp\/v2\/categories?post=27715"},{"taxonomy":"post_tag","embeddable":true,"href":"https:\/\/247stiri.ro\/index.php\/wp-json\/wp\/v2\/tags?post=27715"}],"curies":[{"name":"wp","href":"https:\/\/api.w.org\/{rel}","templated":true}]}}