{"id":27716,"date":"2025-01-30T07:44:52","date_gmt":"2025-01-30T07:44:52","guid":{"rendered":"https:\/\/247stiri.ro\/index.php\/2025\/01\/30\/meta-a-acceptat-sa-i-plateasca-25-de-milioane-de-dolari-lui-donald-trump-pentru-a-scapa-de-procesele-intentate\/"},"modified":"2025-01-30T07:44:52","modified_gmt":"2025-01-30T07:44:52","slug":"meta-a-acceptat-sa-i-plateasca-25-de-milioane-de-dolari-lui-donald-trump-pentru-a-scapa-de-procesele-intentate","status":"publish","type":"post","link":"https:\/\/247stiri.ro\/index.php\/2025\/01\/30\/meta-a-acceptat-sa-i-plateasca-25-de-milioane-de-dolari-lui-donald-trump-pentru-a-scapa-de-procesele-intentate\/","title":{"rendered":"Meta a acceptat sa-i plateasca 25 de milioane de dolari lui Donald Trump pentru a sc\u0103pa de procesele intentate"},"content":{"rendered":"<p>Pre\u0219edintele american a depus o pl\u00e2ngere \u00eempotriva Meta \u0219i a fondatorului acesteia, Mark Zuckerberg, consider\u00e2nd c\u0103 a fost victima cenzurii dup\u0103 ce a fost interzis pe Facebook \u0219i Instagram pe 7 ianuarie 2021, \u00een timpul primului sau mandat, pentru c\u0103 \u0219i-a \u00eencurajat sus\u021bin\u0103torii \u00een cursul asaltului asupra Capitoliului la Washington cu o zi \u00eenainte.<\/p>\n<p>Decizia f\u0103r\u0103 precedent a grupului Meta a fost imitat\u0103 la acea vreme de majoritatea re\u021belelor de socializare mainstream, printre care Twitter. Meta a anun\u021bat doi ani mai t\u00e2rziu c\u0103 renun\u021ba la suspendarea conturilor lui Donald Trump.<\/p>\n<p>De la \u00eentoarcerea s\u0103 la Casa Alb\u0103 pe 20 ianuarie, republicanul a mizat mult pe mogulii tehnologiei de v\u00e2rf, l\u0103s\u00e2nd deoparte ranchiun\u0103 fa\u021b\u0103 de Mark Zuckerberg, care a asistat la ceremonia de \u00eenvestire. Patronul grupului californian \u0219i-a \u00eenmul\u021bit anun\u021burile luna aceast\u0103 pentru a-\u0219i alinia compania la politic\u0103 noii administra\u021bii americane.<\/p>\n<p>El a numit c\u00e2\u021biva dintre alia\u021bii pre\u0219edintelui \u00een pozi\u021bii-cheie \u00een Meta \u0219i a renun\u021bat la unele programe (anti-dezinformare, pro-diversitate, pro-moderare a con\u021binutului) foarte criticate de conservatori.<\/p>\n<p>\u00a0\u00a0<\/p>","protected":false},"excerpt":{"rendered":"<p>Pre\u0219edintele american a depus o pl\u00e2ngere \u00eempotriva Meta \u0219i a fondatorului acesteia, Mark Zuckerberg, consider\u00e2nd&hellip;<\/p>\n","protected":false},"author":0,"featured_media":27710,"comment_status":"open","ping_status":"open","sticky":false,"template":"","format":"standard","meta":{"footnotes":""},"categories":[2],"tags":[],"class_list":["post-27716","post","type-post","status-publish","format-standard","has-post-thumbnail","hentry","category-actual"],"_links":{"self":[{"href":"https:\/\/247stiri.ro\/index.php\/wp-json\/wp\/v2\/posts\/27716","targetHints":{"allow":["GET"]}}],"collection":[{"href":"https:\/\/247stiri.ro\/index.php\/wp-json\/wp\/v2\/posts"}],"about":[{"href":"https:\/\/247stiri.ro\/index.php\/wp-json\/wp\/v2\/types\/post"}],"replies":[{"embeddable":true,"href":"https:\/\/247stiri.ro\/index.php\/wp-json\/wp\/v2\/comments?post=27716"}],"version-history":[{"count":0,"href":"https:\/\/247stiri.ro\/index.php\/wp-json\/wp\/v2\/posts\/27716\/revisions"}],"wp:featuredmedia":[{"embeddable":true,"href":"https:\/\/247stiri.ro\/index.php\/wp-json\/wp\/v2\/media\/27710"}],"wp:attachment":[{"href":"https:\/\/247stiri.ro\/index.php\/wp-json\/wp\/v2\/media?parent=27716"}],"wp:term":[{"taxonomy":"category","embeddable":true,"href":"https:\/\/247stiri.ro\/index.php\/wp-json\/wp\/v2\/categories?post=27716"},{"taxonomy":"post_tag","embeddable":true,"href":"https:\/\/247stiri.ro\/index.php\/wp-json\/wp\/v2\/tags?post=27716"}],"curies":[{"name":"wp","href":"https:\/\/api.w.org\/{rel}","templated":true}]}}