{"id":27725,"date":"2025-01-30T07:44:54","date_gmt":"2025-01-30T07:44:54","guid":{"rendered":"https:\/\/247stiri.ro\/index.php\/2025\/01\/30\/avocatii-lui-calin-georgescu-plangere-la-haga-impotriva-ccr-si-a-lui-iohannis\/"},"modified":"2025-01-30T07:44:54","modified_gmt":"2025-01-30T07:44:54","slug":"avocatii-lui-calin-georgescu-plangere-la-haga-impotriva-ccr-si-a-lui-iohannis","status":"publish","type":"post","link":"https:\/\/247stiri.ro\/index.php\/2025\/01\/30\/avocatii-lui-calin-georgescu-plangere-la-haga-impotriva-ccr-si-a-lui-iohannis\/","title":{"rendered":"Avoca\u021bii lui C\u0103lin Georgescu, pl\u00e2ngere la Haga \u00eempotriva CCR \u0219i a lui Iohannis"},"content":{"rendered":"<p>Continu\u0103 ancheta de propor\u021bii in cazul anularii alegerilor preziden\u021biale. Avoca\u021bii lui C\u0103lin Georgescu au f\u0103cut mai multe demersuri \u00een aceste momente la nivel interna\u021bional, pentru a ar\u0103ta modul ilegal \u00een care s-a luat aceast\u0103 decizie din data de 6 decembrie. Acum vorbim despre o pl\u00e2ngere depus\u0103 la Curtea Penal\u0103 Interna\u021bional\u0103, \u00eempotriva CCR \u0219i a lui Klaus Iohannis.<\/p>\n<p>\u00cen exclusivitate pentru Realitatea Plus, avoca\u021bii lui C\u0103lin Georgescu au explicat practic aceast\u0103 pl\u00e2ngere \u0219i au spus de ce au luat aceast\u0103 decizie. Vorbim despre o anchet\u0103 foarte important\u0103, pentru c\u0103 Curtea Penal\u0103 Interna\u021bional\u0103 ancheteaz\u0103 crime \u00eempotriva umanit\u0103\u021bii, inclusiv acele cazuri de deturnare ale puterii, spun avoca\u021bii.<\/p>\n<p>Ace\u0219tia au explicat \u00een aceast\u0103 pl\u00e2ngere \u0219i modul fraudulos prin care s-a luat aceasta decizie de anulare a alegerilor, chiar \u00een contextul \u00een care cu c\u00e2teva zile \u00eenainte magistra\u021bii CCR s-au \u00eent\u00e2lnit \u0219i au ales s\u0103 valideze turul 1 al alegerilor preziden\u021biale. \u00cen plus ace\u0219tia au explicat \u0219i frauda prin care au fost emise mai multe acte de guvern prin acea restituire ilegal\u0103 a sumelor investite pentru campania electoral\u0103.<\/p>\n<p>Se a\u0219teapt\u0103 o decizie \u00een acest caz, o decizie despre care spun avoca\u021bii ca este foarte important\u0103 la nivel interna\u021bional. Sunt foarte multe \u0219anse ca s\u0103pt\u0103m\u00e2na viitoare s\u0103 vin\u0103 mai mul\u021bi anchetatori interna\u021bionali la Bucure\u0219ti pentru a face cercet\u0103ri.\u00a0<\/p>","protected":false},"excerpt":{"rendered":"<p>Continu\u0103 ancheta de propor\u021bii in cazul anularii alegerilor preziden\u021biale. Avoca\u021bii lui C\u0103lin Georgescu au f\u0103cut&hellip;<\/p>\n","protected":false},"author":0,"featured_media":27726,"comment_status":"open","ping_status":"open","sticky":false,"template":"","format":"standard","meta":{"footnotes":""},"categories":[2],"tags":[],"class_list":["post-27725","post","type-post","status-publish","format-standard","has-post-thumbnail","hentry","category-actual"],"_links":{"self":[{"href":"https:\/\/247stiri.ro\/index.php\/wp-json\/wp\/v2\/posts\/27725","targetHints":{"allow":["GET"]}}],"collection":[{"href":"https:\/\/247stiri.ro\/index.php\/wp-json\/wp\/v2\/posts"}],"about":[{"href":"https:\/\/247stiri.ro\/index.php\/wp-json\/wp\/v2\/types\/post"}],"replies":[{"embeddable":true,"href":"https:\/\/247stiri.ro\/index.php\/wp-json\/wp\/v2\/comments?post=27725"}],"version-history":[{"count":0,"href":"https:\/\/247stiri.ro\/index.php\/wp-json\/wp\/v2\/posts\/27725\/revisions"}],"wp:featuredmedia":[{"embeddable":true,"href":"https:\/\/247stiri.ro\/index.php\/wp-json\/wp\/v2\/media\/27726"}],"wp:attachment":[{"href":"https:\/\/247stiri.ro\/index.php\/wp-json\/wp\/v2\/media?parent=27725"}],"wp:term":[{"taxonomy":"category","embeddable":true,"href":"https:\/\/247stiri.ro\/index.php\/wp-json\/wp\/v2\/categories?post=27725"},{"taxonomy":"post_tag","embeddable":true,"href":"https:\/\/247stiri.ro\/index.php\/wp-json\/wp\/v2\/tags?post=27725"}],"curies":[{"name":"wp","href":"https:\/\/api.w.org\/{rel}","templated":true}]}}