{"id":27754,"date":"2025-01-30T09:44:54","date_gmt":"2025-01-30T09:44:54","guid":{"rendered":"https:\/\/247stiri.ro\/index.php\/2025\/01\/30\/george-simion-despre-intalnirea-lui-ponta-la-washington-nu-este-relevanta-in-actuala-scena-politica-internationala\/"},"modified":"2025-01-30T09:44:54","modified_gmt":"2025-01-30T09:44:54","slug":"george-simion-despre-intalnirea-lui-ponta-la-washington-nu-este-relevanta-in-actuala-scena-politica-internationala","status":"publish","type":"post","link":"https:\/\/247stiri.ro\/index.php\/2025\/01\/30\/george-simion-despre-intalnirea-lui-ponta-la-washington-nu-este-relevanta-in-actuala-scena-politica-internationala\/","title":{"rendered":"George Simion, despre \u00eent\u00e2lnirea lui Ponta la Washington: Nu este relevant\u0103 \u00een actuala scen\u0103 politic\u0103 interna\u021bional\u0103"},"content":{"rendered":"<p>&#8222;Eram la un frestaurant de-al lui Marius Tuc\u0103 acum 2 ani \u0219i jum\u0103tate &#8211; 3. M\u0103car dac\u0103 pl\u0103tea masa, dar a pl\u0103tit-o Marius Tuc\u0103.<\/p>\n<p>L-am v\u0103zut pe dl Victor Ponta la Washington, \u00een marja evenimentului legat de inaugurarea lui Donald Trump. Au avut loc peste 100 de evenimente \u0219i baluri. L-am v\u0103zut pe dl Victor Ponta la balucl hispanic, printre primele evenimente.\u00a0<\/p>\n<p>Nu are nicio relevan\u021b\u0103 balul respectiv. Eu am participat la zeci astfel de baluri. Nu vorbea nimeni despre dl Ponta, erau concentra\u021bi pe inaugurarea pre\u0219edintelui Trump, pe discursul de inaugurare. Nu este relevant Victor Ponta \u00een actuala scen\u0103 politic\u0103 interna\u021bional\u0103.<\/p>\n<p>\u0218i pe scena politic\u0103 din Rom\u00e2nia, dl. Ponta &#8211; dac\u0103 va candida m\u00e2ine nu va lua mai mult de 5%. Nu \u0219tiu nici m\u0103car cheltuilelile dac\u0103 vor fi \u00eenapoate, dac\u0103 trece de pragul de 3%&#8221;, a declarat George Simion, pentru Realitatea PLUS.\u00a0<\/p>","protected":false},"excerpt":{"rendered":"<p>&#8222;Eram la un frestaurant de-al lui Marius Tuc\u0103 acum 2 ani \u0219i jum\u0103tate &#8211; 3.&hellip;<\/p>\n","protected":false},"author":0,"featured_media":27755,"comment_status":"open","ping_status":"open","sticky":false,"template":"","format":"standard","meta":{"footnotes":""},"categories":[3],"tags":[],"class_list":["post-27754","post","type-post","status-publish","format-standard","has-post-thumbnail","hentry","category-politica"],"_links":{"self":[{"href":"https:\/\/247stiri.ro\/index.php\/wp-json\/wp\/v2\/posts\/27754","targetHints":{"allow":["GET"]}}],"collection":[{"href":"https:\/\/247stiri.ro\/index.php\/wp-json\/wp\/v2\/posts"}],"about":[{"href":"https:\/\/247stiri.ro\/index.php\/wp-json\/wp\/v2\/types\/post"}],"replies":[{"embeddable":true,"href":"https:\/\/247stiri.ro\/index.php\/wp-json\/wp\/v2\/comments?post=27754"}],"version-history":[{"count":0,"href":"https:\/\/247stiri.ro\/index.php\/wp-json\/wp\/v2\/posts\/27754\/revisions"}],"wp:featuredmedia":[{"embeddable":true,"href":"https:\/\/247stiri.ro\/index.php\/wp-json\/wp\/v2\/media\/27755"}],"wp:attachment":[{"href":"https:\/\/247stiri.ro\/index.php\/wp-json\/wp\/v2\/media?parent=27754"}],"wp:term":[{"taxonomy":"category","embeddable":true,"href":"https:\/\/247stiri.ro\/index.php\/wp-json\/wp\/v2\/categories?post=27754"},{"taxonomy":"post_tag","embeddable":true,"href":"https:\/\/247stiri.ro\/index.php\/wp-json\/wp\/v2\/tags?post=27754"}],"curies":[{"name":"wp","href":"https:\/\/api.w.org\/{rel}","templated":true}]}}