{"id":27796,"date":"2025-01-30T12:45:07","date_gmt":"2025-01-30T12:45:07","guid":{"rendered":"https:\/\/247stiri.ro\/index.php\/2025\/01\/30\/memorandumul-pentru-concedierile-de-la-senat-plin-de-greseli-cine-sunt-protejatele-lui-ilie-bolojan\/"},"modified":"2025-01-30T12:45:07","modified_gmt":"2025-01-30T12:45:07","slug":"memorandumul-pentru-concedierile-de-la-senat-plin-de-greseli-cine-sunt-protejatele-lui-ilie-bolojan","status":"publish","type":"post","link":"https:\/\/247stiri.ro\/index.php\/2025\/01\/30\/memorandumul-pentru-concedierile-de-la-senat-plin-de-greseli-cine-sunt-protejatele-lui-ilie-bolojan\/","title":{"rendered":"Memorandumul pentru concedierile de la Senat, plin de gre\u0219eli! Cine sunt protejatele lui Ilie Bolojan"},"content":{"rendered":"<p>Ilie Bolojan pozeaz\u0103 \u00een ultimele zile \u00een reformatorul aparatului bugetar, dup\u0103 ce a anun\u021bat c\u0103 va concedia peste 200 de persoane din Senat. Pre\u0219edintele interimar al PNL \u0219i-a pus \u00een func\u021bii bine pl\u0103tite din cabinetele ale\u0219ilor din Bihor apropiatele.<\/p>\n<p>Reorganizarea lui Bolojan const\u0103 \u00een t\u0103ierea de func\u021bii strict din zona celor cu caracter permanent, adic\u0103 a func\u021bionarilor profesioni\u0219ti. Iar pilele angajate pe criterii politice \u00een cabinetele parlamentare vor \u00eencasa \u00een continuare salarii uria\u0219e, chiar dac\u0103 nu merg aproape deloc la serviciu.<\/p>\n<p><a href=\"https:\/\/www.realitatea.net\/stiri\/politica\/ipocrizie-maxima-cine-sunt-de-fapt-angajatele-lui-bolojan-profesionistele-pe-care-le-tine-in-parlament_679a2052fa561457be573623\" target=\"_blank\">Ipocrizie maxim\u0103! Cine sunt, de fapt, angajatele lui Bolojan: &#8222;profesionistele&#8221; pe care le \u021bine \u00een Parlament<\/a><\/p>\n<p>Mai mult, jurnali\u0219tii au f\u0103cut descoperiri revolt\u0103toare \u00een memorandumul pentru concedierile de la Senat, redactat de consilierii pre\u0219edintelui Senatului \u0219i transmis Biroului Permanent al Senatului. S-a constatat c\u0103 acesta con\u021bine \u00een jur de 50 de gre\u0219eli ortografice, ortoepice \u0219i de punctua\u021bie.\u00a0<\/p>\n<p>Angaja\u021bii Senatului se declar\u0103 revolta\u021bi \u0219i jigni\u021bi \u0219i sus\u021bin c\u0103 inclusiv pre\u0219edintele Senatului comite frecvent gre\u0219eli gramaticale \u00een discursurile sale.<\/p>\n<p>Dezv\u0103luiri uluitoare despre Ilie Bolojan a f\u0103cut \u0219i Sorin Ro\u0219ca St\u0103nescu. El a vorbit despre via\u021ba pre\u0219edintelui PNL \u0219i despre neregulile pe care acesta le-a comis \u00een trecut.<\/p>","protected":false},"excerpt":{"rendered":"<p>Ilie Bolojan pozeaz\u0103 \u00een ultimele zile \u00een reformatorul aparatului bugetar, dup\u0103 ce a anun\u021bat c\u0103&hellip;<\/p>\n","protected":false},"author":0,"featured_media":27797,"comment_status":"open","ping_status":"open","sticky":false,"template":"","format":"standard","meta":{"footnotes":""},"categories":[3],"tags":[],"class_list":["post-27796","post","type-post","status-publish","format-standard","has-post-thumbnail","hentry","category-politica"],"_links":{"self":[{"href":"https:\/\/247stiri.ro\/index.php\/wp-json\/wp\/v2\/posts\/27796","targetHints":{"allow":["GET"]}}],"collection":[{"href":"https:\/\/247stiri.ro\/index.php\/wp-json\/wp\/v2\/posts"}],"about":[{"href":"https:\/\/247stiri.ro\/index.php\/wp-json\/wp\/v2\/types\/post"}],"replies":[{"embeddable":true,"href":"https:\/\/247stiri.ro\/index.php\/wp-json\/wp\/v2\/comments?post=27796"}],"version-history":[{"count":0,"href":"https:\/\/247stiri.ro\/index.php\/wp-json\/wp\/v2\/posts\/27796\/revisions"}],"wp:featuredmedia":[{"embeddable":true,"href":"https:\/\/247stiri.ro\/index.php\/wp-json\/wp\/v2\/media\/27797"}],"wp:attachment":[{"href":"https:\/\/247stiri.ro\/index.php\/wp-json\/wp\/v2\/media?parent=27796"}],"wp:term":[{"taxonomy":"category","embeddable":true,"href":"https:\/\/247stiri.ro\/index.php\/wp-json\/wp\/v2\/categories?post=27796"},{"taxonomy":"post_tag","embeddable":true,"href":"https:\/\/247stiri.ro\/index.php\/wp-json\/wp\/v2\/tags?post=27796"}],"curies":[{"name":"wp","href":"https:\/\/api.w.org\/{rel}","templated":true}]}}