{"id":27800,"date":"2025-01-30T12:45:09","date_gmt":"2025-01-30T12:45:09","guid":{"rendered":"https:\/\/247stiri.ro\/index.php\/2025\/01\/30\/decizie-halucinanta-judecatorii-au-anulat-rechizitoriul-din-dosarul-familiei-lui-vlad-pascu\/"},"modified":"2025-01-30T12:45:09","modified_gmt":"2025-01-30T12:45:09","slug":"decizie-halucinanta-judecatorii-au-anulat-rechizitoriul-din-dosarul-familiei-lui-vlad-pascu","status":"publish","type":"post","link":"https:\/\/247stiri.ro\/index.php\/2025\/01\/30\/decizie-halucinanta-judecatorii-au-anulat-rechizitoriul-din-dosarul-familiei-lui-vlad-pascu\/","title":{"rendered":"Decizie halucinant\u0103! Judec\u0103torii au ANULAT rechizitoriul din  dosarul familiei lui Vlad Pascu"},"content":{"rendered":"<p>Este vorba despre dosarul \u00een care Vlad Pascu, acuzat de producerea accidentului mortal de la 2 Mai, a fost trimis \u00een judecat\u0103 de al\u0103turi de p\u0103rin\u021bii s\u0103i, Pascu Miruna \u0219i Pascu Claudiu Mihail, cauza penal\u0103 fiind instrumentat\u0103 de Oana \u2013 Andrea Schmidt \u2013 H\u0103ineal\u0103, procuror \u00een cadrul Direc\u0163iei de Investigare a Infrac\u0163iunilor de Criminalitate Organizat\u0103 \u015fi Terorism \u2013 Structura Central\u0103 \u2013 Sec\u0163ia de Combatere a Traficului de Droguri.<\/p>\n\n<p>Miruna Pascu este suspectat\u0103 de influen\u0163area declara\u0163iilor \u015fi amenin\u0163are, Claudiu Mihail Pascu este b\u0103nuit de nerespectarea regimului armelor \u015fi muni\u0163iilor, iar Matei-Vlad Pascu a fost trimis \u00een judecat\u0103 pentru presupusa s\u0103v\u00e2r\u015fire a infrac\u0163iunilor de de\u0163inere de droguri de risc \u015fi mare risc \u00een vederea consumului propriu, trafic de droguri de mare risc \u015fi punerea la dispozi\u0163ie a locuin\u0163ei pentru consumul ilicit de droguri.<\/p>\n<p>Dosarul a fost trimis spre solu\u021bionare <a href=\"https:\/\/portal.just.ro\/3\/SitePages\/Dosar.aspx?id_dosar=300000001091596&amp;id_inst=3\" target=\"_blank\">Tribunalului Bucure\u0219ti<\/a><\/p>\n\n<p>La data de 1 noiembrie 2024, instan\u021ba a restituit cauza la Parchetul de pe l\u00e2ng\u0103 \u00cenalta Curte de Casa\u0163ie \u015fi Justi\u0163ie \u2013 Direc\u0163ia de Investigare a Infrac\u0163iunilor de Criminalitate Organizat\u0103 \u015fi Terorism \u2013 Structura Central\u0103 \u2013 Sec\u0163ia de Combatere a Traficului de Droguri.<\/p>\n<p><a href=\"https:\/\/portal.just.ro\/3\/SitePages\/Dosar.aspx?id_dosar=300000001091596&amp;id_inst=3\" target=\"_blank\">MINUT\u0102\u00a0<\/a><\/p>\n<p>\u201eSolutia pe scurt: \u00cen baza art. 346 alin. (3) lit. a) din Codul de procedur\u0103 penal\u0103, restituie la Parchetul de pe l\u00e2ng\u0103 \u00cenalta Curte de Casa\u0163ie \u015fi Justi\u0163ie \u2013 Direc\u0163ia de Investigare a Infrac\u0163iunilor de Criminalitate Organizat\u0103 \u015fi Terorism \u2013 Structura Central\u0103 \u2013 Sec\u0163ia de Combatere a Traficului de Droguri, cauza privind pe inculpa\u0163ii: \u2013 Pascu Miruna, trimis\u0103 \u00een judecat\u0103 pentru s\u0103v\u00e2r\u015firea infrac\u0163iunilor de influen\u0163area declara\u0163iilor, prev\u0103zut\u0103 de art. 272 alin. (1) din Codul penal (fapta din data de 07.09.2023) \u015fi amenin\u0163are, prev\u0103zut\u0103 de art. 206 alin. (1) din Codul penal (fapta din data de 31.08.2023), cu aplicarea art. 38 alin. (1) din Codul penal; \u2013 Pascu Claudiu Mihail, trimis \u00een judecat\u0103 pentru s\u0103v\u00e2r\u015firea infrac\u0163iunii de nerespectarea regimului armelor \u015fi muni\u0163iilor, prev\u0103zut\u0103 de art. 342 alin. (1) din Codul penal; \u2013 Pascu Matei-Vlad, trimis \u00een judecat\u0103 pentru s\u0103v\u00e2r\u015firea infrac\u0163iunilor de de\u0163inere de droguri de risc \u015fi mare risc \u00een vederea consumului propriu, prev\u0103zut\u0103 de art. 4 alin. (1) \u015fi (2) din Legea nr. 243\/2000 cu aplicarea art. 35 alin. (1) din Codul penal (dou\u0103 acte materiale din datele de 13\/14.04.2023), trafic de droguri de mare risc \u015fi punerea la dispozi\u0163ie a locuin\u0163ei pentru consumul ilicit de droguri, prev\u0103zute de art. 2 alin. (1) \u015fi (2) din Legea nr. 143\/2000, art. 5 din Legea nr. 143\/2000, toate cu aplicarea art. 13 alin. (1) lit. c) din Legea nr. 143\/2000 (fapte din noaptea de 13\/14.04\/2023, toate cu aplicarea art. 38 alin. (1) din Codul penal. Ia act c\u0103 asisten\u0163a juridic\u0103 a inculpa\u0163ilor a a fost asigurat\u0103 de ap\u0103r\u0103tori ale\u015fi. \u00cen baza art. 275 alin. (3) din Codul de procedur\u0103 penal\u0103 cheltuielile judiciare r\u0103m\u00e2n \u00een sarcina statului. Cu drept de contesta?ie, \u00een termen de 3 zile de la comunicarea \u00eencheierii. Pronun\u021bat\u0103 \u00een camera de consiliu, azi, 01.11.2024. Document: \u00cencheiere final\u0103 (dezinvestire) 01.11.2024\u201c<\/p>\n<p>Procurorii DIICOT au contestat decizia Tribunalului Bucure\u0219ti la instan\u021ba superioar\u0103, respectiv la\u00a0<a href=\"https:\/\/portal.just.ro\/2\/SitePages\/Dosar.aspx?id_dosar=300000001091596&amp;id_inst=2\" target=\"_blank\">Curtea de Apel Bucure\u0219ti<\/a>, instan\u021b\u0103 care azi a respins ac\u021biunea DIICOT \u0219i a men\u021binut hot\u0103r\u00e2rea tribunalului.<\/p>\n<p><a href=\"https:\/\/portal.just.ro\/2\/SitePages\/Dosar.aspx?id_dosar=300000001091596&amp;id_inst=2\" target=\"_blank\">MINUT\u0102<\/a><\/p>\n<p>Solutia pe scurt: INCH 62\/CO-CP-\u00cen baza art. 347 Cod de procedur\u0103 penal\u0103 respinge contesta\u0163ia formulat\u0103 de Parchetul de pe l\u00e2ng\u0103 \u00cenalta Curte de Casa\u0163ie \u015fi Justi\u0163ie \u2013 Direc\u0163ia de Investigare a Infrac\u0163iunilor de Criminalitate Organizat\u0103 \u015fi Terorism \u00eempotriva \u00eencheierilor de \u015fedin\u0163\u0103 din 10.09.2024 \u015fi 01.11.2024 pronun\u0163ate de judec\u0103torul de camer\u0103 preliminar\u0103 din cadrul Tribunalului Bucure?ti \u2013 Sec\u0163ia I Penal\u0103, \u00een dosarul nr. 29573\/3\/2023\/a1, ca nefondat\u0103. \u00cen baza art. 275 alin. (3) din Codul de procedur\u0103 penal\u0103, cheltuielile judiciare avansate de stat r\u0103m\u00e2n \u00een sarcina statului. Definitiv\u0103 Pronun\u0163at\u0103 ast\u0103zi, 30.01.2025, prin punerea la dispozi\u0163ia p\u0103r\u0163ilor prin mijlocirea grefei.Document: \u00cencheiere final\u0103 camera consiliu 62\/2025 30.01.2025<\/p>\n<p>\u00centr-un alt dosar, Vlad Pascu este acuzat de producerea accidentului mortal de la 2 Mai, \u00een urma c\u0103ruia doi tineri \u0219i-au pierdut via\u021ba, iar al\u021bi trei au fost r\u0103ni\u021bi.<\/p>\n<p>Conform legisla\u021biei \u00een vigoare \u00een Rom\u00e2nia, orice persoan\u0103 se bucur\u0103 de prezum\u021bia de nevinov\u0103\u021bie. \u201eOrice persoan\u0103 este considerat\u0103 nevinovat\u0103 p\u00e2n\u0103 la stabilirea vinov\u0103\u021biei sale printr-o hot\u0103r\u00e2re penal\u0103 definitiv\u0103\u201c (Art. 4, alin. 1 Codul de procedur\u0103 penal\u0103).<\/p>\n<p><a href=\"https:\/\/ziarulamprenta.ro\/stirile-zilei\/decizie-bomba-judecatorii-au-anulat-rechizitoriul-diicot-in-cazul-familiei-pascu\/375870\/\" target=\"_blank\">SURSA<\/a><\/p>","protected":false},"excerpt":{"rendered":"<p>Este vorba despre dosarul \u00een care Vlad Pascu, acuzat de producerea accidentului mortal de la&hellip;<\/p>\n","protected":false},"author":0,"featured_media":27801,"comment_status":"open","ping_status":"open","sticky":false,"template":"","format":"standard","meta":{"footnotes":""},"categories":[2],"tags":[],"class_list":["post-27800","post","type-post","status-publish","format-standard","has-post-thumbnail","hentry","category-actual"],"_links":{"self":[{"href":"https:\/\/247stiri.ro\/index.php\/wp-json\/wp\/v2\/posts\/27800","targetHints":{"allow":["GET"]}}],"collection":[{"href":"https:\/\/247stiri.ro\/index.php\/wp-json\/wp\/v2\/posts"}],"about":[{"href":"https:\/\/247stiri.ro\/index.php\/wp-json\/wp\/v2\/types\/post"}],"replies":[{"embeddable":true,"href":"https:\/\/247stiri.ro\/index.php\/wp-json\/wp\/v2\/comments?post=27800"}],"version-history":[{"count":0,"href":"https:\/\/247stiri.ro\/index.php\/wp-json\/wp\/v2\/posts\/27800\/revisions"}],"wp:featuredmedia":[{"embeddable":true,"href":"https:\/\/247stiri.ro\/index.php\/wp-json\/wp\/v2\/media\/27801"}],"wp:attachment":[{"href":"https:\/\/247stiri.ro\/index.php\/wp-json\/wp\/v2\/media?parent=27800"}],"wp:term":[{"taxonomy":"category","embeddable":true,"href":"https:\/\/247stiri.ro\/index.php\/wp-json\/wp\/v2\/categories?post=27800"},{"taxonomy":"post_tag","embeddable":true,"href":"https:\/\/247stiri.ro\/index.php\/wp-json\/wp\/v2\/tags?post=27800"}],"curies":[{"name":"wp","href":"https:\/\/api.w.org\/{rel}","templated":true}]}}