{"id":27804,"date":"2025-01-30T12:45:10","date_gmt":"2025-01-30T12:45:10","guid":{"rendered":"https:\/\/247stiri.ro\/index.php\/2025\/01\/30\/ministrul-apararii-s-a-intalnit-cu-ambasadorul-italiei-in-romania-am-multumit-italiei-pentru-sprijinul-oferit-tarilor-din-regiunea-flancului-estic-al-nato\/"},"modified":"2025-01-30T12:45:10","modified_gmt":"2025-01-30T12:45:10","slug":"ministrul-apararii-s-a-intalnit-cu-ambasadorul-italiei-in-romania-am-multumit-italiei-pentru-sprijinul-oferit-tarilor-din-regiunea-flancului-estic-al-nato","status":"publish","type":"post","link":"https:\/\/247stiri.ro\/index.php\/2025\/01\/30\/ministrul-apararii-s-a-intalnit-cu-ambasadorul-italiei-in-romania-am-multumit-italiei-pentru-sprijinul-oferit-tarilor-din-regiunea-flancului-estic-al-nato\/","title":{"rendered":"Ministrul Ap\u0103r\u0103rii s-a \u00eent\u00e2lnit cu ambasadorul Italiei \u00een Rom\u00e2nia: Am mul\u0163umit Italiei pentru sprijinul oferit \u0163\u0103rilor din regiunea flancului estic al NATO"},"content":{"rendered":"<p>\u201dAm avut o \u00eentrevedere foarte bun\u0103, la sediul MApN, cu ambasadorul Republicii Italiene \u00een Rom\u00e2nia, E.S. Alfredo Durante Mangoni. Am discutat aspecte de interes comun privind cooperarea, din perspectiv\u0103 bilateral\u0103, \u00een context aliat \u015fi european\u201d, a transmis ministrul ap\u0103r\u0103rii pe Facebook.<\/p>\n<p>Ministrul Ap\u0103r\u0103rii a precizat c\u0103, de asemenea, a mul\u0163umit Italiei pentru sprijinul oferit \u0163\u0103rilor din regiunea flancului estic al NATO, \u00een special pentru participarea la misiunile de Poli\u0163ie Aerian\u0103 \u00eent\u0103rit\u0103 \u00een Rom\u00e2nia, inclusiv \u00een acest an, precum \u015fi pentru contribu\u0163ia la structurile aliate de pe teritoriul \u0163\u0103rii noastre.<\/p>\n<p>\u201dMilitarii rom\u00e2ni \u015fi cei italieni vor continua s\u0103 se antreneze \u00eempreun\u0103, at\u00e2t \u00een cadrul exerci\u0163iilor NATO STEADFAST DART 25 si SEA SHIELD 25, c\u00e2t \u015fi \u00een misiunile EUFOR ALTHEA din Bosnia \u015fi Her\u0163egovina \u015fi Kosovo Force\u201d, subliniaz\u0103 ministrul.<\/p>","protected":false},"excerpt":{"rendered":"<p>\u201dAm avut o \u00eentrevedere foarte bun\u0103, la sediul MApN, cu ambasadorul Republicii Italiene \u00een Rom\u00e2nia,&hellip;<\/p>\n","protected":false},"author":0,"featured_media":27805,"comment_status":"open","ping_status":"open","sticky":false,"template":"","format":"standard","meta":{"footnotes":""},"categories":[2],"tags":[],"class_list":["post-27804","post","type-post","status-publish","format-standard","has-post-thumbnail","hentry","category-actual"],"_links":{"self":[{"href":"https:\/\/247stiri.ro\/index.php\/wp-json\/wp\/v2\/posts\/27804","targetHints":{"allow":["GET"]}}],"collection":[{"href":"https:\/\/247stiri.ro\/index.php\/wp-json\/wp\/v2\/posts"}],"about":[{"href":"https:\/\/247stiri.ro\/index.php\/wp-json\/wp\/v2\/types\/post"}],"replies":[{"embeddable":true,"href":"https:\/\/247stiri.ro\/index.php\/wp-json\/wp\/v2\/comments?post=27804"}],"version-history":[{"count":0,"href":"https:\/\/247stiri.ro\/index.php\/wp-json\/wp\/v2\/posts\/27804\/revisions"}],"wp:featuredmedia":[{"embeddable":true,"href":"https:\/\/247stiri.ro\/index.php\/wp-json\/wp\/v2\/media\/27805"}],"wp:attachment":[{"href":"https:\/\/247stiri.ro\/index.php\/wp-json\/wp\/v2\/media?parent=27804"}],"wp:term":[{"taxonomy":"category","embeddable":true,"href":"https:\/\/247stiri.ro\/index.php\/wp-json\/wp\/v2\/categories?post=27804"},{"taxonomy":"post_tag","embeddable":true,"href":"https:\/\/247stiri.ro\/index.php\/wp-json\/wp\/v2\/tags?post=27804"}],"curies":[{"name":"wp","href":"https:\/\/api.w.org\/{rel}","templated":true}]}}