{"id":27817,"date":"2025-01-30T13:45:05","date_gmt":"2025-01-30T13:45:05","guid":{"rendered":"https:\/\/247stiri.ro\/index.php\/2025\/01\/30\/bataie-intr-o-cafenea-de-fite-din-centrul-bucurestiului-un-clan-interlop-este-implicat-de-la-ce-a-pornit-totul\/"},"modified":"2025-01-30T13:45:05","modified_gmt":"2025-01-30T13:45:05","slug":"bataie-intr-o-cafenea-de-fite-din-centrul-bucurestiului-un-clan-interlop-este-implicat-de-la-ce-a-pornit-totul","status":"publish","type":"post","link":"https:\/\/247stiri.ro\/index.php\/2025\/01\/30\/bataie-intr-o-cafenea-de-fite-din-centrul-bucurestiului-un-clan-interlop-este-implicat-de-la-ce-a-pornit-totul\/","title":{"rendered":"B\u0103taie \u00eentr-o cafenea de fi\u021be din centrul Bucure\u0219tiului. Un clan interlop este implicat. De la ce a pornit totul"},"content":{"rendered":"<p>Incidentul a avut loc \u00een 11 ianuarie, poli\u0163i\u015ftii fiind sesiza\u0163i prin apel la 112. Apelul semnala c\u0103, \u00eentr-un local din Sectorul 3, are loc un conflict \u00eentre mai multe persoane.<\/p>\n<p>\u201dDeplas\u00e2ndu-se cu operativitate la fa\u0163a locului, poli\u0163i\u015ftii au luat leg\u0103tura cu un b\u0103rbat, care a relatat verbal faptul c\u0103 ar fi avut un conflict cu mai multe persoane \u015fi s-ar fi agresat fizic, reciproc, \u00een contextul unor ne\u00een\u0163elegeri privind rezervarea unei mese \u00een local. Un echipaj din cadrul SMURD i-a acordat b\u0103rbatului primele \u00eengrijiri, acesta fiind transportat, ulterior, la o unitate medical\u0103, pentru investiga\u0163ii suplimentare\u201d, a transmis, joi, Poli\u0163ia Capitalei.<\/p>\n<p>B\u0103rbatul a precizat c\u0103 nu vrea s\u0103 depun\u0103 pl\u00e2ngere.<\/p>\n<p>\u201d\u00cen cauz\u0103, au fost demarate activit\u0103\u0163i \u00een vederea identific\u0103rii \u015fi depist\u0103rii persoanelor implicate \u00een eveniment \u015fi lu\u0103rii m\u0103surilor legale ce se impun. Cercet\u0103rile sunt continuate din oficiu, sub\u00a0 aspectul s\u0103v\u00e2r\u015firii infrac\u0163iunii de tulburarea ordinii \u015fi lini\u015ftii publice\u201d, a mai transmis Poli\u0163ia Capitalei.<\/p>\n<p>Procurorii Direc\u021biei de Investigare a Infrac\u021biunilor de Criminalitate Organizat\u0103 \u0219i Terorism (DIICOT) ar\u0103tau, \u00een toamna lui 2023, c\u0103 unele dintre localurile luxoase de pe Bulevardul Decebal deveniser\u0103 adev\u0103rate centre de comand\u0103 ale liderilor clanului Caran. Imaginile surprinse de o camer\u0103 de supraveghere montat\u0103 \u00eentr-unul dintre localuri demonstreaz\u0103, \u00eens\u0103, c\u0103 restaurantele respective au intrat \u0219i \u00een vizorul altor clanuri periculoase, a\u0219a cum este cel al Duduienilor.<\/p>","protected":false},"excerpt":{"rendered":"<p>Incidentul a avut loc \u00een 11 ianuarie, poli\u0163i\u015ftii fiind sesiza\u0163i prin apel la 112. Apelul&hellip;<\/p>\n","protected":false},"author":0,"featured_media":27818,"comment_status":"open","ping_status":"open","sticky":false,"template":"","format":"standard","meta":{"footnotes":""},"categories":[2],"tags":[],"class_list":["post-27817","post","type-post","status-publish","format-standard","has-post-thumbnail","hentry","category-actual"],"_links":{"self":[{"href":"https:\/\/247stiri.ro\/index.php\/wp-json\/wp\/v2\/posts\/27817","targetHints":{"allow":["GET"]}}],"collection":[{"href":"https:\/\/247stiri.ro\/index.php\/wp-json\/wp\/v2\/posts"}],"about":[{"href":"https:\/\/247stiri.ro\/index.php\/wp-json\/wp\/v2\/types\/post"}],"replies":[{"embeddable":true,"href":"https:\/\/247stiri.ro\/index.php\/wp-json\/wp\/v2\/comments?post=27817"}],"version-history":[{"count":0,"href":"https:\/\/247stiri.ro\/index.php\/wp-json\/wp\/v2\/posts\/27817\/revisions"}],"wp:featuredmedia":[{"embeddable":true,"href":"https:\/\/247stiri.ro\/index.php\/wp-json\/wp\/v2\/media\/27818"}],"wp:attachment":[{"href":"https:\/\/247stiri.ro\/index.php\/wp-json\/wp\/v2\/media?parent=27817"}],"wp:term":[{"taxonomy":"category","embeddable":true,"href":"https:\/\/247stiri.ro\/index.php\/wp-json\/wp\/v2\/categories?post=27817"},{"taxonomy":"post_tag","embeddable":true,"href":"https:\/\/247stiri.ro\/index.php\/wp-json\/wp\/v2\/tags?post=27817"}],"curies":[{"name":"wp","href":"https:\/\/api.w.org\/{rel}","templated":true}]}}