{"id":27834,"date":"2025-01-30T14:48:26","date_gmt":"2025-01-30T14:48:26","guid":{"rendered":"https:\/\/247stiri.ro\/index.php\/2025\/01\/30\/mihai-enache-aur-asistam-la-un-blocaj-abuziv-in-parlament-ilie-bolojan-si-ciprian-serban-obstructioneaza-demiterea-lui-klaus-iohannis-mentinandu-l-pe-acesta-in-functie-impotriva-vointei-romanilo\/"},"modified":"2025-01-30T14:48:26","modified_gmt":"2025-01-30T14:48:26","slug":"mihai-enache-aur-asistam-la-un-blocaj-abuziv-in-parlament-ilie-bolojan-si-ciprian-serban-obstructioneaza-demiterea-lui-klaus-iohannis-mentinandu-l-pe-acesta-in-functie-impotriva-vointei-romanilo","status":"publish","type":"post","link":"https:\/\/247stiri.ro\/index.php\/2025\/01\/30\/mihai-enache-aur-asistam-la-un-blocaj-abuziv-in-parlament-ilie-bolojan-si-ciprian-serban-obstructioneaza-demiterea-lui-klaus-iohannis-mentinandu-l-pe-acesta-in-functie-impotriva-vointei-romanilo\/","title":{"rendered":"Mihai Enache (AUR): Asist\u0103m la un blocaj abuziv \u00een Parlament! Ilie Bolojan \u0219i Ciprian \u0218erban obstruc\u021bioneaz\u0103 demiterea lui Klaus Iohannis, men\u021bin\u00e2ndu-l pe acesta \u00een func\u021bie, \u00eempotriva voin\u021bei rom\u00e2nilor"},"content":{"rendered":"<p>\u201eCu toate acestea, pre\u0219edin\u021bii celor dou\u0103 Camere, Ilie Bolojan \u0219i Ciprian \u0218erban, continu\u0103 s\u0103 blocheze \u00een mod abuziv aceast\u0103 procedur\u0103, sfid\u00e2nd voin\u021ba rom\u00e2nilor \u0219i \u00eenc\u0103lc\u00e2nd flagrant Constitu\u021bia \u0219i regulamentul Parlamentului. Conform articolului 82, litera 2 din Regulamentul activit\u0103\u021bilor comune ale Camerei Deputa\u021bilor \u0219i Senatului, \u201eBirourile permanente, sub semn\u0103tura pre\u0219edin\u021bilor, comunic\u0103 ne\u00eent\u00e2rziat aceast\u0103 propunere Pre\u0219edintelui Rom\u00e2niei, preciz\u00e2ndu-se totodat\u0103 data \u0219i locul \u0219edin\u021bei comune a Camerelor\u201d. \u00cens\u0103, \u00een loc s\u0103 respecte legea, Bolojan \u0219i \u0218erban ac\u021bioneaz\u0103 ca ni\u0219te scuturi de protec\u021bie pentru Klaus Iohannis, tergivers\u00e2nd procedura \u0219i bloc\u00e2nd un demers democratic absolut legitim.<\/p>\n<p>\u00a0Aceast\u0103 atitudine este o sfidare la adresa cet\u0103\u021benilor Rom\u00e2niei, care au dreptul s\u0103 vad\u0103 aplicate procedurile constitu\u021bionale f\u0103r\u0103 imixtiuni politice \u0219i jocuri de culise. Faptul c\u0103 pre\u0219edin\u021bii celor dou\u0103 Camere aleg s\u0103 tergiverseze aceast\u0103 ini\u021biativ\u0103 demonstreaz\u0103 c\u0103 PSD \u0219i PNL sunt dispuse s\u0103 \u00eencalce orice principiu democratic pentru a-\u0219i proteja interesele \u0219i pentru a-l \u021bine pe Iohannis pe mai departe la Cotroceni, de\u0219i este un pre\u0219edinte ilegitim.<\/p>\n<p>AUR cere public ca Ilie Bolojan \u0219i Ciprian \u0218erban s\u0103 \u00eenceteze aceast\u0103 practic\u0103 ilegal\u0103 \u0219i s\u0103 respecte procedura parlamentar\u0103. Rom\u00e2nia trebuie s\u0103 revin\u0103 \u00een cadrul constitu\u021bional \u0219i s\u0103 nu fie un stat capturat de politicieni care \u00ee\u0219i servesc propriile interese, iar aceast\u0103 tentativ\u0103 de blocare a unui demers legitim va avea consecin\u021be politice majore.<\/p>\n<p>Parlamentul trebuie s\u0103 fie un garant al democra\u021biei, nu o institu\u021bie subordonat\u0103 jocurilor de culise ale puterii. Dac\u0103 Bolojan \u0219i \u0218erban refuz\u0103 s\u0103 respecte Constitu\u021bia \u0219i regulamentul, atunci s\u0103 \u00ee\u0219i asume r\u0103spunderea \u00een fa\u021ba rom\u00e2nilor care nu vor uita aceast\u0103 tr\u0103dare\u201d, sus\u021bine Mihai Enache.<\/p>\n<p>\u00a0<\/p>","protected":false},"excerpt":{"rendered":"<p>\u201eCu toate acestea, pre\u0219edin\u021bii celor dou\u0103 Camere, Ilie Bolojan \u0219i Ciprian \u0218erban, continu\u0103 s\u0103 blocheze&hellip;<\/p>\n","protected":false},"author":0,"featured_media":27833,"comment_status":"open","ping_status":"open","sticky":false,"template":"","format":"standard","meta":{"footnotes":""},"categories":[2],"tags":[],"class_list":["post-27834","post","type-post","status-publish","format-standard","has-post-thumbnail","hentry","category-actual"],"_links":{"self":[{"href":"https:\/\/247stiri.ro\/index.php\/wp-json\/wp\/v2\/posts\/27834","targetHints":{"allow":["GET"]}}],"collection":[{"href":"https:\/\/247stiri.ro\/index.php\/wp-json\/wp\/v2\/posts"}],"about":[{"href":"https:\/\/247stiri.ro\/index.php\/wp-json\/wp\/v2\/types\/post"}],"replies":[{"embeddable":true,"href":"https:\/\/247stiri.ro\/index.php\/wp-json\/wp\/v2\/comments?post=27834"}],"version-history":[{"count":0,"href":"https:\/\/247stiri.ro\/index.php\/wp-json\/wp\/v2\/posts\/27834\/revisions"}],"wp:featuredmedia":[{"embeddable":true,"href":"https:\/\/247stiri.ro\/index.php\/wp-json\/wp\/v2\/media\/27833"}],"wp:attachment":[{"href":"https:\/\/247stiri.ro\/index.php\/wp-json\/wp\/v2\/media?parent=27834"}],"wp:term":[{"taxonomy":"category","embeddable":true,"href":"https:\/\/247stiri.ro\/index.php\/wp-json\/wp\/v2\/categories?post=27834"},{"taxonomy":"post_tag","embeddable":true,"href":"https:\/\/247stiri.ro\/index.php\/wp-json\/wp\/v2\/tags?post=27834"}],"curies":[{"name":"wp","href":"https:\/\/api.w.org\/{rel}","templated":true}]}}