{"id":27841,"date":"2025-01-30T14:48:28","date_gmt":"2025-01-30T14:48:28","guid":{"rendered":"https:\/\/247stiri.ro\/index.php\/2025\/01\/30\/ministrul-educatiei-anunta-noi-planuri-cadru-pentru-liceu-vor-intra-in-vigoare-din-anul-2026-2027\/"},"modified":"2025-01-30T14:48:28","modified_gmt":"2025-01-30T14:48:28","slug":"ministrul-educatiei-anunta-noi-planuri-cadru-pentru-liceu-vor-intra-in-vigoare-din-anul-2026-2027","status":"publish","type":"post","link":"https:\/\/247stiri.ro\/index.php\/2025\/01\/30\/ministrul-educatiei-anunta-noi-planuri-cadru-pentru-liceu-vor-intra-in-vigoare-din-anul-2026-2027\/","title":{"rendered":"Ministrul Educa\u0163iei anun\u021b\u0103 noi planuri cadru pentru liceu. Vor intra \u00een vigoare din anul 2026-2027"},"content":{"rendered":"<p>\u201dAu fost discu\u0163ii dac\u0103 vor intra din aceast\u0103 toamn\u0103. Realist vorbind, \u00eemi place s\u0103 fac lucrurile serios \u015fi repede, c\u00e2nd pot, f\u0103r\u0103 s\u0103 afectez calitatea. Nu reu\u015fim p\u00e2n\u0103 \u00een toamn\u0103 s\u0103 ai \u015fi plan-cadru \u015fi programe. \u015ei, repet, f\u0103r\u0103 s\u0103 avem noi manuale \u015fi f\u0103r\u0103 s\u0103 facem trainingul profesorilor, inclusiv pe linia privind ideea de \u015ftiin\u0163\u0103 \u015famd nu se poate dec\u00e2t cu anul viitor-2026-207\u201d, a explicat Daniel David, \u00eentrebat c\u00e2nd vor fi aplicate noile planuri-cadru pentru \u00eenv\u0103\u0163\u0103m\u00e2ntul liceal.<\/p>\n<p>Oficialii Ministerului Educa\u0163iei subliniaz\u0103 c\u0103 elevii care acum sunt \u00een clasa a noua vor studia \u00een baza actualelor planuri-cadru.<\/p>\n<p>Din anul \u015fcolar 2026-2027 elevii de clasa a noua vor studia dup\u0103 noile planuri-cadru, iar elevii din clasele a zecea, a unsprezecea \u015fi a dou\u0103sprezecea vor studia dup\u0103 planurile-cadru aflate \u00een vigoare c\u00e2nd ei au \u00eenceput liceul.<\/p>\n<p>\u201dBacalaureatul se va schimba \u00een momentul \u00een care vom avea genera\u0163ia care intr\u0103 pe aceste planuri-cadru \u00een clasa a XII-a \u015fi va da Bacalaureatul\u201d, a precizat ministrul.<\/p>\n<p>\u00a0<\/p>\n<p>\u00a0<\/p>","protected":false},"excerpt":{"rendered":"<p>\u201dAu fost discu\u0163ii dac\u0103 vor intra din aceast\u0103 toamn\u0103. Realist vorbind, \u00eemi place s\u0103 fac&hellip;<\/p>\n","protected":false},"author":0,"featured_media":27842,"comment_status":"open","ping_status":"open","sticky":false,"template":"","format":"standard","meta":{"footnotes":""},"categories":[2],"tags":[],"class_list":["post-27841","post","type-post","status-publish","format-standard","has-post-thumbnail","hentry","category-actual"],"_links":{"self":[{"href":"https:\/\/247stiri.ro\/index.php\/wp-json\/wp\/v2\/posts\/27841","targetHints":{"allow":["GET"]}}],"collection":[{"href":"https:\/\/247stiri.ro\/index.php\/wp-json\/wp\/v2\/posts"}],"about":[{"href":"https:\/\/247stiri.ro\/index.php\/wp-json\/wp\/v2\/types\/post"}],"replies":[{"embeddable":true,"href":"https:\/\/247stiri.ro\/index.php\/wp-json\/wp\/v2\/comments?post=27841"}],"version-history":[{"count":0,"href":"https:\/\/247stiri.ro\/index.php\/wp-json\/wp\/v2\/posts\/27841\/revisions"}],"wp:featuredmedia":[{"embeddable":true,"href":"https:\/\/247stiri.ro\/index.php\/wp-json\/wp\/v2\/media\/27842"}],"wp:attachment":[{"href":"https:\/\/247stiri.ro\/index.php\/wp-json\/wp\/v2\/media?parent=27841"}],"wp:term":[{"taxonomy":"category","embeddable":true,"href":"https:\/\/247stiri.ro\/index.php\/wp-json\/wp\/v2\/categories?post=27841"},{"taxonomy":"post_tag","embeddable":true,"href":"https:\/\/247stiri.ro\/index.php\/wp-json\/wp\/v2\/tags?post=27841"}],"curies":[{"name":"wp","href":"https:\/\/api.w.org\/{rel}","templated":true}]}}