{"id":27851,"date":"2025-01-30T15:45:04","date_gmt":"2025-01-30T15:45:04","guid":{"rendered":"https:\/\/247stiri.ro\/index.php\/2025\/01\/30\/unde-a-fost-gasit-victor-tanarul-de-28-de-ani-dat-disparut-in-urma-cu-doar-cateva-zile-taticul-baietelului-meu-ryan\/"},"modified":"2025-01-30T15:45:04","modified_gmt":"2025-01-30T15:45:04","slug":"unde-a-fost-gasit-victor-tanarul-de-28-de-ani-dat-disparut-in-urma-cu-doar-cateva-zile-taticul-baietelului-meu-ryan","status":"publish","type":"post","link":"https:\/\/247stiri.ro\/index.php\/2025\/01\/30\/unde-a-fost-gasit-victor-tanarul-de-28-de-ani-dat-disparut-in-urma-cu-doar-cateva-zile-taticul-baietelului-meu-ryan\/","title":{"rendered":"Unde a fost g\u0103sit Victor, t\u00e2n\u0103rul de 28 de ani, dat disp\u0103rut \u00een urm\u0103 cu doar c\u00e2teva zile: \u201eT\u0103ticul b\u0103ie\u021belului meu, Ryan&#8230;\u201d"},"content":{"rendered":"<p>Descoperire nea\u0219teptat\u0103: Victor a fost g\u0103sit<\/p>\n<p><a href=\"https:\/\/www.realitatea.net\/stiri\/actual\/alerta-disparitie-un-barbat-este-de-negasit-dupa-ce-a-anuntat-ca-se-va-omori_679a6a49e4ef092e737ad82d\" target=\"_blank\">Dup\u0103 zile de c\u0103ut\u0103ri intense<\/a> \u0219i mobilizare pe re\u021belele sociale, Victor a fost g\u0103sit, \u00eens\u0103 f\u0103r\u0103 documentele care le avea asupra sa. So\u021bia acestuia a transmis un mesaj de recuno\u0219tin\u021b\u0103 celor care au contribuit la g\u0103sirea lui.<\/p>\n<p>\u201eVictor a fost g\u0103sit datorit\u0103 vou\u0103 \u0219i tuturor celor care au intervenit. V\u0103 mul\u021bumesc din toat\u0103 inima pentru c\u0103 a\u021bi luat un minut din timpul vostru \u0219i ne-a\u021bi ajutat cu informa\u021bii. Uneori via\u021ba este imprevizibil\u0103 \u0219i dificil\u0103, dar \u00eempreun\u0103 am reu\u0219it s\u0103 ne mobiliz\u0103m \u0219i s\u0103-l g\u0103sim. Cel mai important este c\u0103 fiul nostru, Ryan, nu va r\u0103m\u00e2ne f\u0103r\u0103 tat\u0103. Sper\u0103m s\u0103 g\u0103sim \u0219i actele sale\u201d, a scris aceasta pe re\u021belele sociale.<\/p>\n<p>Circumstan\u021bele dispari\u021biei<\/p>\n<p>Victor a fost v\u0103zut ultima dat\u0103 \u00eentre orele 11:00 \u0219i 12:00, atunci c\u00e2nd a plecat \u00eempreun\u0103 cu un prieten din Como c\u0103tre Padova. Pe drum, cei doi au fost implica\u021bi \u00eentr-un accident rutier. Potrivit martorilor, dup\u0103 incident, t\u00e2n\u0103rul a p\u0103r\u0103sit locul accidentului \u00eentr-o direc\u021bie necunoscut\u0103.<\/p>\n<p>Ultima sa conversa\u021bie telefonic\u0103 a fost cu mama lui, \u00eenainte ca telefonul s\u0103u s\u0103 fie \u00eenchis. Disperat\u0103, so\u021bia acestuia a f\u0103cut un apel public c\u0103tre to\u021bi cei care ar fi putut s\u0103-l vad\u0103 \u00een zona Padova sau \u00een \u00eemprejurimi, cer\u00e2nd sprijinul autorit\u0103\u021bilor \u0219i al comunit\u0103\u021bii.<\/p>\n<p>Victor are o \u00een\u0103l\u021bime de 1.90 m, ochi c\u0103prui \u0219i, \u00een momentul dispari\u021biei, purta un hanorac \u0219i pantaloni negri, f\u0103r\u0103 geac\u0103 de iarn\u0103.<\/p>\n<p>De\u0219i a fost g\u0103sit \u00een siguran\u021b\u0103, lipsa actelor sale r\u0103m\u00e2ne o problem\u0103. Familia sa continu\u0103 s\u0103 cear\u0103 sprijinul comunit\u0103\u021bii pentru a recupera documentele pierdute.<\/p>\n<p>Cazul lui Victor Butmalai a demonstrat solidaritatea \u0219i implicarea comunit\u0103\u021bii <a href=\"https:\/\/www.realitatea.net\/stiri\/actual\/alerta-de-copil-disparut-la-iasi-un-baiat-de-13-ani-a-plecat-la-scoala-si-nu-sa-mai-intors-unde-a-fost-vzut-ultima-data-video_6798cbc588ccf7032e6f1b73\" target=\"_blank\">\u00een astfel de situa\u021bii de urgen\u021b\u0103<\/a>. Mul\u021bi oameni s-au mobilizat pentru a distribui informa\u021bii \u0219i a contribui la g\u0103sirea sa. Autorit\u0103\u021bile italiene continu\u0103 s\u0103 investigheze circumstan\u021bele \u00een care acesta a disp\u0103rut \u0219i s\u0103 ofere sprijin \u00een recuperarea actelor sale.<\/p>\n<p>\u00a0<\/p>\n<p>\u00a0<\/p>","protected":false},"excerpt":{"rendered":"<p>Descoperire nea\u0219teptat\u0103: Victor a fost g\u0103sit Dup\u0103 zile de c\u0103ut\u0103ri intense \u0219i mobilizare pe re\u021belele&hellip;<\/p>\n","protected":false},"author":0,"featured_media":27852,"comment_status":"open","ping_status":"open","sticky":false,"template":"","format":"standard","meta":{"footnotes":""},"categories":[2],"tags":[],"class_list":["post-27851","post","type-post","status-publish","format-standard","has-post-thumbnail","hentry","category-actual"],"_links":{"self":[{"href":"https:\/\/247stiri.ro\/index.php\/wp-json\/wp\/v2\/posts\/27851","targetHints":{"allow":["GET"]}}],"collection":[{"href":"https:\/\/247stiri.ro\/index.php\/wp-json\/wp\/v2\/posts"}],"about":[{"href":"https:\/\/247stiri.ro\/index.php\/wp-json\/wp\/v2\/types\/post"}],"replies":[{"embeddable":true,"href":"https:\/\/247stiri.ro\/index.php\/wp-json\/wp\/v2\/comments?post=27851"}],"version-history":[{"count":0,"href":"https:\/\/247stiri.ro\/index.php\/wp-json\/wp\/v2\/posts\/27851\/revisions"}],"wp:featuredmedia":[{"embeddable":true,"href":"https:\/\/247stiri.ro\/index.php\/wp-json\/wp\/v2\/media\/27852"}],"wp:attachment":[{"href":"https:\/\/247stiri.ro\/index.php\/wp-json\/wp\/v2\/media?parent=27851"}],"wp:term":[{"taxonomy":"category","embeddable":true,"href":"https:\/\/247stiri.ro\/index.php\/wp-json\/wp\/v2\/categories?post=27851"},{"taxonomy":"post_tag","embeddable":true,"href":"https:\/\/247stiri.ro\/index.php\/wp-json\/wp\/v2\/tags?post=27851"}],"curies":[{"name":"wp","href":"https:\/\/api.w.org\/{rel}","templated":true}]}}