{"id":27853,"date":"2025-01-30T15:45:05","date_gmt":"2025-01-30T15:45:05","guid":{"rendered":"https:\/\/247stiri.ro\/index.php\/2025\/01\/30\/haos-in-gaza-la-eliberarea-unei-ostatice-israeliene-femeia-la-un-pas-sa-fie-linsata-de-multimea-furioasa\/"},"modified":"2025-01-30T15:45:05","modified_gmt":"2025-01-30T15:45:05","slug":"haos-in-gaza-la-eliberarea-unei-ostatice-israeliene-femeia-la-un-pas-sa-fie-linsata-de-multimea-furioasa","status":"publish","type":"post","link":"https:\/\/247stiri.ro\/index.php\/2025\/01\/30\/haos-in-gaza-la-eliberarea-unei-ostatice-israeliene-femeia-la-un-pas-sa-fie-linsata-de-multimea-furioasa\/","title":{"rendered":"Haos \u00een Gaza la eliberarea unei ostatice israeliene. Femeia, la un pas s\u0103 fie lin\u0219at\u0103 de mul\u021bimea furioas\u0103"},"content":{"rendered":"<p>\u00cen timp ce ostaticii din Gaza au fost elibera\u021bi, autocare cu de\u021binu\u021bi palestinieni care se \u00eendreptau spre enclav\u0103 s-au \u00eentors din drum, revenind la \u00eenchisoarea israelian Ofer, au transmis medial israeliene.<\/p>\n<p>&#8222;Premierul Benjamin Netanyahu a ordonat am\u00e2narea eliber\u0103rii terori\u0219tilor prev\u0103zut\u0103 pentru ast\u0103zi p\u00e2n\u0103 c\u00e2nd nu va fi garantat\u0103 eliberarea \u00een deplin\u0103 siguran\u021b\u0103 a ostaticilor no\u0219tri \u00een etapele urm\u0103toare&#8221;, indic\u0103 un comunicat al biroului lui Netanyahu dup\u0103 haosul care a dominat anterior eliberarea unei ostatice israeliene, Arbel Yehud, la Khan Yunus, \u00een sudul F\u00e2\u0219iei Gaza.<\/p>\n<p>Anterior, postul de radio al armatei israeliene a transmis c\u0103 Israelul suspend\u0103 &#8222;p\u00e2n\u0103 la noi ordine&#8221; eliberarea a 110 palestinieni programat\u0103 pentru joi \u00een schimbul a opt ostatici. &#8222;E\u0219alonul politic a anun\u021bat suspendarea opera\u021biunii de eliberare a terori\u0219tilor p\u00e2n\u0103 la noi ordine&#8221;, a relatat postul de radio militar, cit\u00e2nd o surs\u0103 de securitate.&#8221;Privesc cu groaz\u0103 la scenele \u0219ocante din timpul eliber\u0103rii ostaticilor no\u0219tri. Aceasta este o dovad\u0103 suplimentar\u0103 a cruzimii inimaginabile a organiza\u021biei teroriste Hamas&#8221;, a transmis premierul israelian \u00eentr-un comunicat.<\/p>\n<p><a title=\"153 de prizonieri din Yemen, eliberati de rebelii huthi, dupa ce ONU a anuntat arestarea a sapte angajati de catre rebeli\" href=\"https:\/\/www.realitatea.net\/stiri\/actual\/153-de-prizonieri-din-yemen-eliberati-de-rebelii-huthi-dupa-ce-onu-a-anuntat-arestarea-a-sapte-angajati-de-catre-rebeli_679510ec8ae1b3510034e119\">153 de prizonieri din Yemen, elibera\u021bi de rebelii huthi, dup\u0103 ce ONU a anun\u021bat arestarea a \u015fapte angaja\u0163i de c\u0103tre rebeli<\/a>Predarea c\u0103tre Crucea Ro\u0219ie a lui Gadi Moses, un german-israelian \u00een v\u00e2rst\u0103 de 80 de ani, \u0219i a lui Arbel Yehud, o israelianc\u0103 de 29 de ani, \u00eempreun\u0103 cu cinci ostatici thailandezi, dup\u0103 482 de zile de captivitate, a avut loc \u00eentr-un haos total, dup\u0103 peste trei ore de la eliberarea \u00eentr-o atmosfer\u0103 mult mai calm\u0103 a unui t\u00e2n\u0103r soldat israelian, Agam Berger, \u00een Jabalia, \u00een nordul F\u00e2\u0219iei Gaza, scrie Agerpres.<\/p>\n<p>Un fotoreporter al AFP prezent la fa\u021ba locului a surprins privirea \u00eensp\u0103im\u00e2ntat\u0103 a lui Arbel Yehud, care a fost escortat\u0103 minute \u00een \u0219ir de o echip\u0103 de lupt\u0103tori masca\u021bi ai Jihadului Islamic \u0219i Hamas printr-o mul\u021bime agresiv\u0103 \u0219i surescitat\u0103, care era la un pas s\u0103 o lin\u0219eze.<\/p>\n<p>&#8222;Le cer mediatorilor s\u0103 se asigure ca astfel de scene de groaz\u0103 s\u0103 nu se mai repete \u0219i s\u0103 garanteze securitatea ostaticilor no\u0219tri&#8221;, a insistat Netanyahu, referindu-se la Qatar \u0219i Egipt, mediatori pentru punerea \u00een aplicare a acordului de \u00eencetare a focului. &#8222;Oricine \u00eendr\u0103zne\u0219te s\u0103 le fac\u0103 r\u0103u ostaticilor no\u0219tri va pl\u0103ti pentru asta&#8221;, a avertizat Netanyahu.\u00a0<\/p>\n<p><a title=\"Anuntul lui Trump care ingrijoreaza Israelul, iar pe Zelenski il pune pe ganduri. Decizie radicala a presedintelui SUA\" href=\"https:\/\/www.realitatea.net\/stiri\/actual\/anuntul-lui-trump-care-ingrijoreaza-israelul-iar-pe-zelenski-il-pune-pe-ganduri-decizie-radicala-a-presedintelui-sua_679b2d8161f216132f04bac7\">Anun\u021bul lui Trump care \u00eengrijoreaz\u0103 Israelul, iar pe Zelenski \u00eel pune pe g\u00e2nduri. Decizie radical\u0103 a pre\u0219edintelui SUA<\/a><\/p>","protected":false},"excerpt":{"rendered":"<p>\u00cen timp ce ostaticii din Gaza au fost elibera\u021bi, autocare cu de\u021binu\u021bi palestinieni care se&hellip;<\/p>\n","protected":false},"author":0,"featured_media":27850,"comment_status":"open","ping_status":"open","sticky":false,"template":"","format":"standard","meta":{"footnotes":""},"categories":[2],"tags":[],"class_list":["post-27853","post","type-post","status-publish","format-standard","has-post-thumbnail","hentry","category-actual"],"_links":{"self":[{"href":"https:\/\/247stiri.ro\/index.php\/wp-json\/wp\/v2\/posts\/27853","targetHints":{"allow":["GET"]}}],"collection":[{"href":"https:\/\/247stiri.ro\/index.php\/wp-json\/wp\/v2\/posts"}],"about":[{"href":"https:\/\/247stiri.ro\/index.php\/wp-json\/wp\/v2\/types\/post"}],"replies":[{"embeddable":true,"href":"https:\/\/247stiri.ro\/index.php\/wp-json\/wp\/v2\/comments?post=27853"}],"version-history":[{"count":0,"href":"https:\/\/247stiri.ro\/index.php\/wp-json\/wp\/v2\/posts\/27853\/revisions"}],"wp:featuredmedia":[{"embeddable":true,"href":"https:\/\/247stiri.ro\/index.php\/wp-json\/wp\/v2\/media\/27850"}],"wp:attachment":[{"href":"https:\/\/247stiri.ro\/index.php\/wp-json\/wp\/v2\/media?parent=27853"}],"wp:term":[{"taxonomy":"category","embeddable":true,"href":"https:\/\/247stiri.ro\/index.php\/wp-json\/wp\/v2\/categories?post=27853"},{"taxonomy":"post_tag","embeddable":true,"href":"https:\/\/247stiri.ro\/index.php\/wp-json\/wp\/v2\/tags?post=27853"}],"curies":[{"name":"wp","href":"https:\/\/api.w.org\/{rel}","templated":true}]}}