{"id":27854,"date":"2025-01-30T15:45:05","date_gmt":"2025-01-30T15:45:05","guid":{"rendered":"https:\/\/247stiri.ro\/index.php\/2025\/01\/30\/gestul-care-i-a-salvat-viata-o-copila-de-3-ani-a-fost-salvata-de-un-politist-dupa-ce-s-a-inecat-cu-mancare\/"},"modified":"2025-01-30T15:45:05","modified_gmt":"2025-01-30T15:45:05","slug":"gestul-care-i-a-salvat-viata-o-copila-de-3-ani-a-fost-salvata-de-un-politist-dupa-ce-s-a-inecat-cu-mancare","status":"publish","type":"post","link":"https:\/\/247stiri.ro\/index.php\/2025\/01\/30\/gestul-care-i-a-salvat-viata-o-copila-de-3-ani-a-fost-salvata-de-un-politist-dupa-ce-s-a-inecat-cu-mancare\/","title":{"rendered":"Gestul care i-a salvat via\u021ba. O copil\u0103 de 3 ani a fost salvat\u0103 de un poli\u021bist dup\u0103 ce s-a \u00eenecat cu m\u00e2ncare"},"content":{"rendered":"<p>Interven\u021bia rapid\u0103 a acestuia a fost crucial\u0103 pentru ca micu\u021ba <a href=\"https:\/\/www.realitatea.net\/stiri\/extern\/sfarsit-cumplit-pentru-o-tanara-mama-de-27-de-ani-influencerita-sia-dat-ultima-suflare-dupa-ce-sa-inecat-cu-mancare_677bcbe71194cc4f5e71f86f\" target=\"_blank\">s\u0103 \u00ee\u0219i recapete respira\u021bia,<\/a> conform informa\u021biilor transmise joi de Inspectoratul de Poli\u021bie Jude\u021bean (IPJ) Vrancea.<\/p>\n<p>Cum s-a \u00eent\u00e2mplat incidentul<\/p>\n<p>Agentul C\u0103t\u0103lin, din cadrul Biroului de Ordine Public\u0103 Foc\u0219ani, se afla \u00een apropiere c\u00e2nd a auzit strig\u0103tele disperate ale mamei copilului. Realiz\u00e2nd gravitatea situa\u021biei, poli\u021bistul a alertat imediat serviciul de urgen\u021b\u0103 112 \u0219i a cerut interven\u021bia rapid\u0103 a echipajelor medicale. Totodat\u0103, a ac\u021bionat prompt pentru a-i oferi copilului primul ajutor.<\/p>\n<p>Potrivit reprezentan\u021bilor IPJ Vrancea, la momentul interven\u021biei, <a href=\"https:\/\/www.realitatea.net\/stiri\/actual\/tragedie-la-malul-marii-o-tanara-de-25-de-ani-a-murit-inecata_669d270c08a7b54aaf2c77e2\" target=\"_blank\">feti\u021ba nu mai respira.<\/a> Poli\u021bistul i-a aplicat manevrele de prim ajutor pentru deblocarea c\u0103ilor respiratorii, iar dup\u0103 c\u00e2teva secunde critice, copilul a re\u00eenceput s\u0103 respire. C\u00e2nd echipajul medical a ajuns la fa\u021ba locului, micu\u021ba se afla deja \u00een stare stabil\u0103, fiind preluat\u0103 pentru investiga\u021bii suplimentare.<\/p>\n<p>Datorit\u0103 prezen\u021bei de spirit \u0219i profesionalismului poli\u021bistului, o tragedie a fost evitat\u0103 la timp. IPJ Vrancea a subliniat importan\u021ba cunoa\u0219terii tehnicilor de prim ajutor \u0219i a reac\u021biei rapide \u00een astfel de situa\u021bii de urgen\u021b\u0103, felicit\u00e2ndu-l pe agent pentru gestul s\u0103u eroic.<\/p>","protected":false},"excerpt":{"rendered":"<p>Interven\u021bia rapid\u0103 a acestuia a fost crucial\u0103 pentru ca micu\u021ba s\u0103 \u00ee\u0219i recapete respira\u021bia, conform&hellip;<\/p>\n","protected":false},"author":0,"featured_media":27855,"comment_status":"open","ping_status":"open","sticky":false,"template":"","format":"standard","meta":{"footnotes":""},"categories":[2],"tags":[],"class_list":["post-27854","post","type-post","status-publish","format-standard","has-post-thumbnail","hentry","category-actual"],"_links":{"self":[{"href":"https:\/\/247stiri.ro\/index.php\/wp-json\/wp\/v2\/posts\/27854","targetHints":{"allow":["GET"]}}],"collection":[{"href":"https:\/\/247stiri.ro\/index.php\/wp-json\/wp\/v2\/posts"}],"about":[{"href":"https:\/\/247stiri.ro\/index.php\/wp-json\/wp\/v2\/types\/post"}],"replies":[{"embeddable":true,"href":"https:\/\/247stiri.ro\/index.php\/wp-json\/wp\/v2\/comments?post=27854"}],"version-history":[{"count":0,"href":"https:\/\/247stiri.ro\/index.php\/wp-json\/wp\/v2\/posts\/27854\/revisions"}],"wp:featuredmedia":[{"embeddable":true,"href":"https:\/\/247stiri.ro\/index.php\/wp-json\/wp\/v2\/media\/27855"}],"wp:attachment":[{"href":"https:\/\/247stiri.ro\/index.php\/wp-json\/wp\/v2\/media?parent=27854"}],"wp:term":[{"taxonomy":"category","embeddable":true,"href":"https:\/\/247stiri.ro\/index.php\/wp-json\/wp\/v2\/categories?post=27854"},{"taxonomy":"post_tag","embeddable":true,"href":"https:\/\/247stiri.ro\/index.php\/wp-json\/wp\/v2\/tags?post=27854"}],"curies":[{"name":"wp","href":"https:\/\/api.w.org\/{rel}","templated":true}]}}