{"id":27860,"date":"2025-01-30T16:46:42","date_gmt":"2025-01-30T16:46:42","guid":{"rendered":"https:\/\/247stiri.ro\/index.php\/2025\/01\/30\/loredana-groza-din-nou-tinta-ironiilor-in-mediul-online-fanii-o-acuza-ca-isi-editeaza-excesiv-fotografiile\/"},"modified":"2025-01-30T16:46:42","modified_gmt":"2025-01-30T16:46:42","slug":"loredana-groza-din-nou-tinta-ironiilor-in-mediul-online-fanii-o-acuza-ca-isi-editeaza-excesiv-fotografiile","status":"publish","type":"post","link":"https:\/\/247stiri.ro\/index.php\/2025\/01\/30\/loredana-groza-din-nou-tinta-ironiilor-in-mediul-online-fanii-o-acuza-ca-isi-editeaza-excesiv-fotografiile\/","title":{"rendered":"Loredana Groza, din nou, \u021binta ironiilor \u00een mediul online. Fanii o acuz\u0103 c\u0103 \u00ee\u0219i editeaz\u0103 excesiv fotografiile"},"content":{"rendered":"<p>De\u0219i este cunoscut\u0103 pentru stilul s\u0103u extravagant, cele mai recente imagini cu artista au reu\u0219it s\u0103 \u00eei \u0219ocheze chiar \u0219i pe cei care o urm\u0103resc de mult timp. Loredana a ales s\u0103 posteze o serie de fotografii realizate \u00een India, acolo unde se afl\u0103 de c\u00e2teva zile \u00eempreun\u0103 cu fiica sa, Elena Boncea. Artista, cunoscut\u0103 pentru pasiunile sale spirituale, obi\u0219nuie\u0219te s\u0103 mearg\u0103 \u00een fiecare an \u00een aceast\u0103 \u021bar\u0103 pentru a se dedica medita\u021biei \u0219i pentru a se reg\u0103si pe plan sufletesc. \u00cen ciuda peisajului fascinant \u0219i a tradi\u021bionalului port popular indian, aten\u021bia internau\u021bilor a fost captat\u0103 de modific\u0103rile evidente din aspectul fizic al c\u00e2nt\u0103re\u021bei.<\/p>\n<p>Ce interven\u021bii estetice are Loredana Groza<\/p>\n<p>De-a lungul carierei sale, Loredana a fost adesea subiectul specula\u021biilor legate de posibile interven\u021bii estetice, \u00eens\u0103 artista a fost mereu ferm\u0103 \u00een a nega astfel de afirma\u021bii, insist\u00e2nd c\u0103 frumuse\u021bea sa se datoreaz\u0103 \u00een mare parte unei rutine stricte de \u00eengrijire \u0219i faptului c\u0103 a fost \u00eenzestrat\u0103 cu tr\u0103s\u0103turi remarcabile. Totu\u0219i, aceste noi imagini, \u00een care modific\u0103rile sunt evidente, au st\u00e2rnit reac\u021bii critice din partea fanilor, care au fost dezam\u0103gi\u021bi de exager\u0103rile evidente \u00een privin\u021ba edit\u0103rii.<\/p>\n<p>\u00cen fa\u021ba acestor comentarii, Loredana a r\u0103spuns calm \u0219i hot\u0103r\u00e2t, declar\u00e2nd c\u0103 nu se simte obligat\u0103 s\u0103 dea socoteal\u0103 nim\u0103nui. \u201eNu dau socoteal\u0103 nim\u0103nui, dec\u00e2t \u00een fa\u021ba lui Dumnezeu!\u201d a declarat ea pe contul personal de Instagram. C\u00e2nt\u0103rea\u021ba a dorit s\u0103 pun\u0103 cap\u0103t specula\u021biilor legate de opera\u021biile estetice, explic\u00e2nd c\u0103 nu are nicio leg\u0103tur\u0103 cu imaginea sa actual\u0103. \u201eNu vreau s\u0103 intru \u00een aceast\u0103 polemic\u0103, e o prostie. Nimeni nu trebuie s\u0103 se justifice pentru nimic. Fanii mei \u0219tiu cine sunt \u0219i ce am realizat p\u00e2n\u0103 acum. Sunt original\u0103 \u0219i am fost \u00eentotdeauna autentic\u0103\u201d, a ad\u0103ugat Loredana.<\/p>\n<p>De asemenea, Loredana a subliniat c\u0103, \u00een ciuda aprecierii fa\u021b\u0103 de cei care aleg s\u0103 investeasc\u0103 \u00een \u00eembun\u0103t\u0103\u021birea imaginii personale prin interven\u021bii, ea consider\u0103 c\u0103 frumuse\u021bea natural\u0103 este cea care conteaz\u0103 cu adev\u0103rat. \u201eNu ar\u0103\u021bi bine doar pentru c\u0103 te operezi. Se vede diferen\u021ba \u00eentre un s\u00e2n natural \u0219i unul operat, spre exemplu. Cei care nu sunt r\u0103ut\u0103cio\u0219i pot observa acest lucru\u201d, a precizat artista.<\/p>\n<p>Astfel, Loredana Groza continu\u0103 s\u0103 fie un subiect de discu\u021bie intens\u0103 pe re\u021belele de socializare, at\u00e2t din cauza stilului s\u0103u unic, c\u00e2t \u0219i din cauza controverselor legate de modific\u0103rile din imagini. \u00cen ciuda criticilor, artista \u00ee\u0219i men\u021bine pozi\u021bia \u0219i nu pare s\u0103 fie afectat\u0103 de comentariile celor care o urm\u0103resc.<\/p>","protected":false},"excerpt":{"rendered":"<p>De\u0219i este cunoscut\u0103 pentru stilul s\u0103u extravagant, cele mai recente imagini cu artista au reu\u0219it&hellip;<\/p>\n","protected":false},"author":0,"featured_media":27861,"comment_status":"open","ping_status":"open","sticky":false,"template":"","format":"standard","meta":{"footnotes":""},"categories":[8],"tags":[],"class_list":["post-27860","post","type-post","status-publish","format-standard","has-post-thumbnail","hentry","category-lifestyle"],"_links":{"self":[{"href":"https:\/\/247stiri.ro\/index.php\/wp-json\/wp\/v2\/posts\/27860","targetHints":{"allow":["GET"]}}],"collection":[{"href":"https:\/\/247stiri.ro\/index.php\/wp-json\/wp\/v2\/posts"}],"about":[{"href":"https:\/\/247stiri.ro\/index.php\/wp-json\/wp\/v2\/types\/post"}],"replies":[{"embeddable":true,"href":"https:\/\/247stiri.ro\/index.php\/wp-json\/wp\/v2\/comments?post=27860"}],"version-history":[{"count":0,"href":"https:\/\/247stiri.ro\/index.php\/wp-json\/wp\/v2\/posts\/27860\/revisions"}],"wp:featuredmedia":[{"embeddable":true,"href":"https:\/\/247stiri.ro\/index.php\/wp-json\/wp\/v2\/media\/27861"}],"wp:attachment":[{"href":"https:\/\/247stiri.ro\/index.php\/wp-json\/wp\/v2\/media?parent=27860"}],"wp:term":[{"taxonomy":"category","embeddable":true,"href":"https:\/\/247stiri.ro\/index.php\/wp-json\/wp\/v2\/categories?post=27860"},{"taxonomy":"post_tag","embeddable":true,"href":"https:\/\/247stiri.ro\/index.php\/wp-json\/wp\/v2\/tags?post=27860"}],"curies":[{"name":"wp","href":"https:\/\/api.w.org\/{rel}","templated":true}]}}