{"id":27864,"date":"2025-01-30T16:46:45","date_gmt":"2025-01-30T16:46:45","guid":{"rendered":"https:\/\/247stiri.ro\/index.php\/2025\/01\/30\/a-zburat-cu-obscenitati-la-sedinta-consiliului-judetean-cluj-ce-urari-de-bine-si-au-adresat-alesii\/"},"modified":"2025-01-30T16:46:45","modified_gmt":"2025-01-30T16:46:45","slug":"a-zburat-cu-obscenitati-la-sedinta-consiliului-judetean-cluj-ce-urari-de-bine-si-au-adresat-alesii","status":"publish","type":"post","link":"https:\/\/247stiri.ro\/index.php\/2025\/01\/30\/a-zburat-cu-obscenitati-la-sedinta-consiliului-judetean-cluj-ce-urari-de-bine-si-au-adresat-alesii\/","title":{"rendered":"A zburat cu obscenit\u0103\u021bi la \u0219edin\u021ba Consiliului Jude\u021bean Cluj. Ce \u201eur\u0103ri de bine\u201d \u0219i-au adresat ale\u0219ii"},"content":{"rendered":"<p>Adversarii s\u0103i politici i-au reamintit c\u0103 \u0219i familia sa a beneficiat de posturi c\u0103ldu\u021be. V\u0103 avertiz\u0103m c\u0103 materialul con\u021bine un limbaj licen\u021bios.\u00a0<\/p>\n<p>\u201e- Domnul Secar\u0103 are un instinct de revolu\u021bionar, a\u0219a ca o gland\u0103 permanent\u0103, \u00eentr-o evolu\u021bie permanent\u0103, ca s\u0103 nu spun \u00eentr-o erec\u021bie permanent\u0103.<\/p>\n<p>Este o chestiune pe care, \u00een permanen\u021b\u0103, vrea s\u0103 o prezinte ca o revolu\u021bie, uit\u00e2nd de trecutul d\u00e2nsului, uit\u00e2nd de anumite aspecte pe care sper s\u0103 nu m\u0103 provoca\u021bi s\u0103 le spun aici, dac\u0103 vorbim de angaj\u0103ri, \u0219i de familie, \u0219i de rude dar dac\u0103 dori\u021bi o s\u0103 le abordez dle. Secar\u0103\u00a0&#8211; Domnule pre\u0219edinte, eu v\u0103d bine c\u0103 instinctul \u0219i erec\u021bia mea v\u0103 stau \u00een g\u00e2t!\u201d<\/p>\n<p>Schimbul de replici acide, de la minutul 46:52 al transmisiei pe Facebook <a href=\"https:\/\/www.facebook.com\/cjcluj\/videos\/818880077049183\" target=\"_blank\">AICI<\/a>.<\/p>\n<p><a title=\"Un judet din Romania introduce taxa de trecere pentru anumiti soferi. Birul va intra in vigoare la 15 aprilie\" href=\"https:\/\/www.realitatea.net\/stiri\/actual\/un-judet-din-romania-introduce-taxa-de-trecere-pentru-anumiti-soferi-birul-va-intra-in-vigoare-la-15-aprilie_679b89443892e33d95587948\">Un jude\u021b din Rom\u00e2nia introduce tax\u0103 de trecere pentru anumi\u021bi \u0219oferi. Birul va intra \u00een vigoare la 15 aprilie<\/a><\/p>\n<p>\u00a0<\/p>","protected":false},"excerpt":{"rendered":"<p>Adversarii s\u0103i politici i-au reamintit c\u0103 \u0219i familia sa a beneficiat de posturi c\u0103ldu\u021be. V\u0103&hellip;<\/p>\n","protected":false},"author":0,"featured_media":27865,"comment_status":"open","ping_status":"open","sticky":false,"template":"","format":"standard","meta":{"footnotes":""},"categories":[2],"tags":[],"class_list":["post-27864","post","type-post","status-publish","format-standard","has-post-thumbnail","hentry","category-actual"],"_links":{"self":[{"href":"https:\/\/247stiri.ro\/index.php\/wp-json\/wp\/v2\/posts\/27864","targetHints":{"allow":["GET"]}}],"collection":[{"href":"https:\/\/247stiri.ro\/index.php\/wp-json\/wp\/v2\/posts"}],"about":[{"href":"https:\/\/247stiri.ro\/index.php\/wp-json\/wp\/v2\/types\/post"}],"replies":[{"embeddable":true,"href":"https:\/\/247stiri.ro\/index.php\/wp-json\/wp\/v2\/comments?post=27864"}],"version-history":[{"count":0,"href":"https:\/\/247stiri.ro\/index.php\/wp-json\/wp\/v2\/posts\/27864\/revisions"}],"wp:featuredmedia":[{"embeddable":true,"href":"https:\/\/247stiri.ro\/index.php\/wp-json\/wp\/v2\/media\/27865"}],"wp:attachment":[{"href":"https:\/\/247stiri.ro\/index.php\/wp-json\/wp\/v2\/media?parent=27864"}],"wp:term":[{"taxonomy":"category","embeddable":true,"href":"https:\/\/247stiri.ro\/index.php\/wp-json\/wp\/v2\/categories?post=27864"},{"taxonomy":"post_tag","embeddable":true,"href":"https:\/\/247stiri.ro\/index.php\/wp-json\/wp\/v2\/tags?post=27864"}],"curies":[{"name":"wp","href":"https:\/\/api.w.org\/{rel}","templated":true}]}}