{"id":27869,"date":"2025-01-30T17:45:12","date_gmt":"2025-01-30T17:45:12","guid":{"rendered":"https:\/\/247stiri.ro\/index.php\/2025\/01\/30\/accident-rutier-dezastruos-o-adolescenta-de-15-ani-a-murit-si-zeci-de-elevi-au-fost-raniti-dupa-ce-un-autobuz-scolar-s-a-rasturnat\/"},"modified":"2025-01-30T17:45:12","modified_gmt":"2025-01-30T17:45:12","slug":"accident-rutier-dezastruos-o-adolescenta-de-15-ani-a-murit-si-zeci-de-elevi-au-fost-raniti-dupa-ce-un-autobuz-scolar-s-a-rasturnat","status":"publish","type":"post","link":"https:\/\/247stiri.ro\/index.php\/2025\/01\/30\/accident-rutier-dezastruos-o-adolescenta-de-15-ani-a-murit-si-zeci-de-elevi-au-fost-raniti-dupa-ce-un-autobuz-scolar-s-a-rasturnat\/","title":{"rendered":"Accident rutier DEZASTRUOS: o adolescent\u0103 de 15 ani a murit \u0219i zeci de elevi au fost r\u0103ni\u021bi dup\u0103 ce un autobuz \u0219colar s-a r\u0103sturnat"},"content":{"rendered":"<p>Cum s-a \u00eent\u00e2mplat tragedia<\/p>\n<p><a href=\"https:\/\/www.realitatea.net\/stiri\/actual\/accident-grav-la-portile-de-fier-doua-tiruri-sau-tamponat-violent-unul-dintre-camionagii-a-decedat-pe-loc-foto_679b2c2447c0d71342054192\" target=\"_blank\">La locul accidentului<\/a> au intervenit rapid \u0219ase vehicule de interven\u021bie \u0219i aproximativ 40 de pompieri. \u00cen apropierea locului accidentului, a fost amenajat un punct de prim ajutor pentru a acorda \u00eengrijiri medicale victimelor. \u00cen ciuda eforturilor echipelor de salvare, bilan\u021bul tragic a fost confirmat: un elev a decedat \u0219i al\u021bi 40 au fost r\u0103ni\u021bi, majoritatea dintre ace\u0219tia fiind copii, inclusiv 31 de elevi.<\/p>\n<p>Ministrul educa\u021biei din Fran\u021ba, Elisabeth Borne, a exprimat un profund regret la aflarea ve\u0219tii tragice. \u201eCu mare emo\u021bie \u0219i triste\u021be am aflat despre moartea unei liceene din Ch\u00e2teaudun, \u00een urma acestui accident de autobuz \u0219colar, care a dus \u0219i la numero\u0219i r\u0103ni\u021bi printre elevii transporta\u021bi\u201d, a scris aceasta pe re\u021belele de socializare. Ministrul a anun\u021bat c\u0103 va vizita luni diminea\u021b\u0103 liceul Emile-Zola din Ch\u00e2teaudun, unde \u00eenv\u0103\u021ba t\u00e2n\u0103ra victim\u0103.<\/p>\n<p><a href=\"https:\/\/www.realitatea.net\/stiri\/extern\/un-renumit-jurnalist-italian-care-a-scris-despre-camorra-accidentat-mortal-de-un-cetatean-moldovean_679a86217ba1dc78d0286af3\" target=\"_blank\">Accidentul a l\u0103sat<\/a> \u00eentreaga comunitate local\u0103 \u00een stare de \u0219oc, iar autorit\u0103\u021bile continu\u0103 s\u0103 investigheze circumstan\u021bele care au dus la aceast\u0103 tragedie.<\/p>","protected":false},"excerpt":{"rendered":"<p>Cum s-a \u00eent\u00e2mplat tragedia La locul accidentului au intervenit rapid \u0219ase vehicule de interven\u021bie \u0219i&hellip;<\/p>\n","protected":false},"author":0,"featured_media":27870,"comment_status":"open","ping_status":"open","sticky":false,"template":"","format":"standard","meta":{"footnotes":""},"categories":[4],"tags":[],"class_list":["post-27869","post","type-post","status-publish","format-standard","has-post-thumbnail","hentry","category-extern"],"_links":{"self":[{"href":"https:\/\/247stiri.ro\/index.php\/wp-json\/wp\/v2\/posts\/27869","targetHints":{"allow":["GET"]}}],"collection":[{"href":"https:\/\/247stiri.ro\/index.php\/wp-json\/wp\/v2\/posts"}],"about":[{"href":"https:\/\/247stiri.ro\/index.php\/wp-json\/wp\/v2\/types\/post"}],"replies":[{"embeddable":true,"href":"https:\/\/247stiri.ro\/index.php\/wp-json\/wp\/v2\/comments?post=27869"}],"version-history":[{"count":0,"href":"https:\/\/247stiri.ro\/index.php\/wp-json\/wp\/v2\/posts\/27869\/revisions"}],"wp:featuredmedia":[{"embeddable":true,"href":"https:\/\/247stiri.ro\/index.php\/wp-json\/wp\/v2\/media\/27870"}],"wp:attachment":[{"href":"https:\/\/247stiri.ro\/index.php\/wp-json\/wp\/v2\/media?parent=27869"}],"wp:term":[{"taxonomy":"category","embeddable":true,"href":"https:\/\/247stiri.ro\/index.php\/wp-json\/wp\/v2\/categories?post=27869"},{"taxonomy":"post_tag","embeddable":true,"href":"https:\/\/247stiri.ro\/index.php\/wp-json\/wp\/v2\/tags?post=27869"}],"curies":[{"name":"wp","href":"https:\/\/api.w.org\/{rel}","templated":true}]}}