{"id":27901,"date":"2025-01-30T19:45:14","date_gmt":"2025-01-30T19:45:14","guid":{"rendered":"https:\/\/247stiri.ro\/index.php\/2025\/01\/30\/explozie-a-teoriilor-conspiratiei-dupa-accidentul-aerian-din-washigton-elicopterele-militare-nu-zboara-in-calea-avioanelor\/"},"modified":"2025-01-30T19:45:14","modified_gmt":"2025-01-30T19:45:14","slug":"explozie-a-teoriilor-conspiratiei-dupa-accidentul-aerian-din-washigton-elicopterele-militare-nu-zboara-in-calea-avioanelor","status":"publish","type":"post","link":"https:\/\/247stiri.ro\/index.php\/2025\/01\/30\/explozie-a-teoriilor-conspiratiei-dupa-accidentul-aerian-din-washigton-elicopterele-militare-nu-zboara-in-calea-avioanelor\/","title":{"rendered":"Explozie a teoriilor conspira\u021biei, dup\u0103 accidentul aerian din Washigton: &#8222;Elicopterele militare nu zboar\u0103 \u00een calea avioanelor&#8221;"},"content":{"rendered":"<p>De\u0219i autorit\u0103\u021bile nu au oferit \u00eenc\u0103 detalii despre cauzele accidentului, unii sus\u021bin c\u0103 un astfel de incident nu ar fi posibil \u00eentr-o lume modern\u0103, unde tehnologia de prevenire a coliziunilor este extrem de avansat\u0103.<\/p>\n<p>Accidentul a avut loc miercuri seara, \u00een momentul \u00een care zborul American Airlines 5342 se apropia de Aeroportul Na\u021bional Reagan din Washington. Avionul \u0219i elicopterul militar s-au ciocnit \u00een aer \u00eenainte de a c\u0103dea \u00een r\u00e2ul Potomac. La bordul avionului se aflau patru membri ai echipajului \u0219i 60 de pasageri, iar elicopterul transporta trei solda\u021bi afla\u021bi \u00eentr-un zbor de antrenament.<\/p>\n<p>De\u0219i autorit\u0103\u021bile nu au anun\u021bat \u00eenc\u0103 bilan\u021bul oficial al victimelor, 30 de cadavre au fost deja recuperate, iar \u0219ansele de a g\u0103si al\u021bi supravie\u021buitori sunt considerate extrem de reduse. Armata \u0219i Departamentul Ap\u0103r\u0103rii au demarat o investiga\u021bie pentru a clarifica circumstan\u021bele acestui tragic accident, \u00een contextul \u00een care mul\u021bi se \u00eentreab\u0103 cum a fost posibil ca un avion echipat cu tehnologie modern\u0103 de prevenire a coliziunilor \u0219i beneficiind de supraveghere aerian\u0103 din partea turnului de control s\u0103 intre \u00een coliziune cu un elicopter militar deasupra capitalei.<\/p>\n<p>Teoriile conspira\u021biei s-au r\u0103sp\u00e2ndit rapid pe re\u021belele sociale, unii sus\u021bin\u00e2nd c\u0103 incidentul a fost premeditat. Ace\u0219tia argumenteaz\u0103 c\u0103 &#8222;elicopterele militare nu zboar\u0103 pe calea avioanelor&#8221;. Anumi\u021bi utilizatori afirm\u0103 c\u0103 elicopterul p\u0103rea s\u0103 &#8222;urm\u0103reasc\u0103&#8221; avionul \u00een timp ce se apropia de aterizare, compar\u00e2nd situa\u021bia cu o &#8222;asasinare \u00een stilul anilor &#8217;70&#8221;. Al\u021bii cer informa\u021bii despre cine se afla la bordul avionului, suger\u00e2nd c\u0103 ar putea fi vorba despre o &#8222;lovitur\u0103 \u021bintit\u0103&#8221;.<\/p>\n<p>Conspira\u021bioni\u0219tii consider\u0103 incidentul &#8222;suspect&#8221;, afirm\u00e2nd c\u0103 pilo\u021bii bine instrui\u021bi ar fi trebuit s\u0103 fie capabili s\u0103 evite o astfel de coliziune.<\/p>\n<p>Un utilizator a scris: \u201eAccidentul acesta este at\u00e2t de ciudat\u2026 ceva nu se leag\u0103. Un Black Hawk f\u0103r\u0103 alarme \u0219i trei solda\u021bi care nu observ\u0103 un avion comercial?!\u201d.\u00a0O alt\u0103 persoan\u0103 a comentat: \u201eNu este posibil ca un elicopter s\u0103 loveasc\u0103 un avion. A\u0219a ceva nu se \u00eent\u00e2mpl\u0103.\u201d<\/p>\n<p><a title=\"Mii de cetateni romani vor fi expulzati din SUA. Cati compatrioti se afla pe lista neagra a sistemului ICE\" href=\"https:\/\/www.realitatea.net\/stiri\/actual\/mii-de-cetateni-romani-vor-fi-expulzati-din-sua-cati-compatrioti-se-afla-pe-lista-neagra-a-sistemului-ice_679bc1cb505dc3379a05c3c3\">Mii de cet\u0103\u021beni rom\u00e2ni vor fi expulza\u021bi din SUA. C\u00e2\u021bi compatrio\u021bi se afl\u0103 pe lista neagr\u0103 a sistemului ICE<\/a><\/p>\n<p>Alte teorii sugereaz\u0103 c\u0103 accidentul pare prea &#8222;perfect&#8221; pentru a fi doar un simplu accident.<\/p>\n<p>\u201eUita\u021bi-v\u0103 la clipul \u0103sta, \u00een special la partea de slow-motion: avionul se apropia de aterizare \u0219i elicopterul vine din st\u00e2nga \u0219i intr\u0103 direct \u00een el,\u201d a scris un utilizator pe Instagram. \u201eCum de un elicopter nu a avut suficiente informa\u021bii pentru a evita acest incident?\u201d, a ad\u0103ugat altcineva.<\/p>\n<p>Un altul a ad\u0103ugat: \u201eNebunesc cum s-a \u00eent\u00e2mplat asta. Elicopterele sunt at\u00e2t de u\u0219or de manevrat \u00een compara\u021bie cu un avion, \u00een videoclip se pare c\u0103 se deplaseaz\u0103 direct \u00een avion f\u0103r\u0103 a \u00eencerca s\u0103 se \u00eentoarc\u0103.Super ciudat \u0219i tragic\u201d.\u00a0<\/p>\n<p>Zeci de utilizatori ai re\u021belelor de socializare au cerut mai multe detalii despre cei de la bordul aeronavei, sus\u021bin\u00e2nd f\u0103r\u0103 temei c\u0103 exist\u0103 o \u201eagenda mai mare \u00een joc\u201d.\u00a0 \u201eTrebuie s\u0103 \u0219tim cine se afla \u00een aceste avioane pentru c\u0103 se pare c\u0103 Blackhawk a zburat direct \u00een el\u201d, a scris un utilizator pe re\u021beaua social\u0103 X.\u00a0\u00a0<\/p>\n<p>Un alt comentator a ad\u0103ugat: \u201eAcest lucru nu pare \u00eent\u00e2mpl\u0103tor. Adev\u0103rata \u00eentrebare este dac\u0103 a fost o eroare de operare, o ac\u021biune deliberat\u0103 sau dac\u0103 exist\u0103 o agend\u0103 mai ampl\u0103 \u00een spate. Intui\u021bia mea? Era ceva special \u00een acel Black Hawk, sau cineva relevant se afla \u00een acel avion, iar acest lucru nu ar trebui s\u0103 ajung\u0103 \u00een spa\u021biul public.\u201d<\/p>\n<p>Declara\u021biile lui Donald Trump par s\u0103 fi pus \u0219i mai mult gaz pe focul teoriilor conspira\u021biei. Incidentul, petrecut \u00eentr-o sear\u0103 senin\u0103, a fost caracterizat de pre\u0219edintele SUA drept un &#8222;accident grav&#8221;. Acesta \u0219i-a exprimat nemul\u021bumirea fa\u021b\u0103 de controlul traficului aerian \u0219i a \u00eentrebat de ce elicopterul nu a modificat cursul sau altitudinea pentru a evita coliziunea cu avionul. De asemenea, el a subliniat c\u0103 turnul de control ar fi trebuit s\u0103 coordoneze elicopterul, \u00een loc s\u0103 se \u00eentrebe dac\u0103 pilotul a observat avionul.<a title=\"Romania isi consolideaza fortele aeriene. O noua aeronava F-16 achizitionata de tara noastra a aterizat la Campia Turzii\" href=\"https:\/\/www.realitatea.net\/stiri\/actual\/romania-isi-consolideaza-fortele-aeriene-o-noua-aeronava-f16-achizitionata-de-tara-noastra-a-aterizat-la-campia-turzii_679bc66918e3337b5a2d5482\">Rom\u00e2nia \u00ee\u0219i consolideaz\u0103 for\u021bele aeriene. O nou\u0103 aeronav\u0103 F-16 achizi\u021bionat\u0103 de \u021bara noastr\u0103 a aterizat la C\u00e2mpia Turzii<\/a><\/p>\n<p>\u00a0<\/p>","protected":false},"excerpt":{"rendered":"<p>De\u0219i autorit\u0103\u021bile nu au oferit \u00eenc\u0103 detalii despre cauzele accidentului, unii sus\u021bin c\u0103 un astfel&hellip;<\/p>\n","protected":false},"author":0,"featured_media":27896,"comment_status":"open","ping_status":"open","sticky":false,"template":"","format":"standard","meta":{"footnotes":""},"categories":[2],"tags":[],"class_list":["post-27901","post","type-post","status-publish","format-standard","has-post-thumbnail","hentry","category-actual"],"_links":{"self":[{"href":"https:\/\/247stiri.ro\/index.php\/wp-json\/wp\/v2\/posts\/27901","targetHints":{"allow":["GET"]}}],"collection":[{"href":"https:\/\/247stiri.ro\/index.php\/wp-json\/wp\/v2\/posts"}],"about":[{"href":"https:\/\/247stiri.ro\/index.php\/wp-json\/wp\/v2\/types\/post"}],"replies":[{"embeddable":true,"href":"https:\/\/247stiri.ro\/index.php\/wp-json\/wp\/v2\/comments?post=27901"}],"version-history":[{"count":0,"href":"https:\/\/247stiri.ro\/index.php\/wp-json\/wp\/v2\/posts\/27901\/revisions"}],"wp:featuredmedia":[{"embeddable":true,"href":"https:\/\/247stiri.ro\/index.php\/wp-json\/wp\/v2\/media\/27896"}],"wp:attachment":[{"href":"https:\/\/247stiri.ro\/index.php\/wp-json\/wp\/v2\/media?parent=27901"}],"wp:term":[{"taxonomy":"category","embeddable":true,"href":"https:\/\/247stiri.ro\/index.php\/wp-json\/wp\/v2\/categories?post=27901"},{"taxonomy":"post_tag","embeddable":true,"href":"https:\/\/247stiri.ro\/index.php\/wp-json\/wp\/v2\/tags?post=27901"}],"curies":[{"name":"wp","href":"https:\/\/api.w.org\/{rel}","templated":true}]}}