{"id":27965,"date":"2025-01-31T06:45:09","date_gmt":"2025-01-31T06:45:09","guid":{"rendered":"https:\/\/247stiri.ro\/index.php\/2025\/01\/31\/georgescu-mesaj-pentru-romanii-din-diaspora-nu-ii-lasati-sa-rupa-legatura-dintre-noi\/"},"modified":"2025-01-31T06:45:09","modified_gmt":"2025-01-31T06:45:09","slug":"georgescu-mesaj-pentru-romanii-din-diaspora-nu-ii-lasati-sa-rupa-legatura-dintre-noi","status":"publish","type":"post","link":"https:\/\/247stiri.ro\/index.php\/2025\/01\/31\/georgescu-mesaj-pentru-romanii-din-diaspora-nu-ii-lasati-sa-rupa-legatura-dintre-noi\/","title":{"rendered":"Georgescu, MESAJ pentru rom\u00e2nii din Diaspora: &#8222;Nu \u00eei l\u0103sa\u021bi s\u0103 rup\u0103 leg\u0103tura dintre noi&#8221;"},"content":{"rendered":"<p>&#8222;M\u0103 adresez rom\u00e2nilor din afara grani\u021belor. am v\u0103zut si eu acea video editare jalnic\u0103 a sistemului. Dragi romani, nu l\u0103sa\u021bi sa se rup\u0103 leg\u0103tura dintre noi, asta si-au dorit mereu, sa ne dezbine. S-au speriat de ac\u021biunile juridice pe care le-am declan\u0219at si caut\u0103 s\u0103 se ia de orice vorb\u0103 rostit\u0103. Le este fric\u0103 de unirea noastr\u0103 ca neam, folosesc afirma\u021bii scoase din context, caut\u0103 turn\u0103tori care si-ar vinde si mama pentru a servi sistemul corupt. Ne vor prosti s\u0103raci, este un adev\u0103r, am mai spus c\u0103 cei mai multi dintre romani sunt \u021binu\u021bi inten\u021biona\u021bi ca sclavi ca s\u0103 serveasc\u0103 Europa, politicienii sunt cei care si-au b\u0103tut joc de valorile noastre morale. Ei sunt singurii care trebuie sanc\u021biona\u021bi. Masa corup\u021biei este u\u0219or de recunoscut, c\u00e2nd vede\u021bi c\u0103 \u00eencearc\u0103 s\u0103 dezbin\u0103 oamenii atunci suntem puternici iar lor le este fric\u0103. Suntem aproape de victorie, s\u0103 ne re\u00eentregim ca neam, s\u0103 numai fim nici s\u0103raci, nici prosti, nici umili a\u0219a cum ne vor politicienii. Rom\u00e2nii sunt buni, puternici, unii cu al\u021bii \u0219i to\u021bi cu Dumnezeu. Azi am v\u0103zut c\u0103 sunt din nou o \u021bint\u0103, dar r\u0103m\u00e2ne \u00eentrebarea, a\u021bi g\u0103sit tezaurul? A\u021bi recuperat istoria neamului nostru?\u201d, a declarat C\u0103lin Georgescu la Realitatea Plus.<\/p>","protected":false},"excerpt":{"rendered":"<p>&#8222;M\u0103 adresez rom\u00e2nilor din afara grani\u021belor. am v\u0103zut si eu acea video editare jalnic\u0103 a&hellip;<\/p>\n","protected":false},"author":0,"featured_media":27966,"comment_status":"open","ping_status":"open","sticky":false,"template":"","format":"standard","meta":{"footnotes":""},"categories":[3],"tags":[],"class_list":["post-27965","post","type-post","status-publish","format-standard","has-post-thumbnail","hentry","category-politica"],"_links":{"self":[{"href":"https:\/\/247stiri.ro\/index.php\/wp-json\/wp\/v2\/posts\/27965","targetHints":{"allow":["GET"]}}],"collection":[{"href":"https:\/\/247stiri.ro\/index.php\/wp-json\/wp\/v2\/posts"}],"about":[{"href":"https:\/\/247stiri.ro\/index.php\/wp-json\/wp\/v2\/types\/post"}],"replies":[{"embeddable":true,"href":"https:\/\/247stiri.ro\/index.php\/wp-json\/wp\/v2\/comments?post=27965"}],"version-history":[{"count":0,"href":"https:\/\/247stiri.ro\/index.php\/wp-json\/wp\/v2\/posts\/27965\/revisions"}],"wp:featuredmedia":[{"embeddable":true,"href":"https:\/\/247stiri.ro\/index.php\/wp-json\/wp\/v2\/media\/27966"}],"wp:attachment":[{"href":"https:\/\/247stiri.ro\/index.php\/wp-json\/wp\/v2\/media?parent=27965"}],"wp:term":[{"taxonomy":"category","embeddable":true,"href":"https:\/\/247stiri.ro\/index.php\/wp-json\/wp\/v2\/categories?post=27965"},{"taxonomy":"post_tag","embeddable":true,"href":"https:\/\/247stiri.ro\/index.php\/wp-json\/wp\/v2\/tags?post=27965"}],"curies":[{"name":"wp","href":"https:\/\/api.w.org\/{rel}","templated":true}]}}