{"id":27967,"date":"2025-01-31T06:45:10","date_gmt":"2025-01-31T06:45:10","guid":{"rendered":"https:\/\/247stiri.ro\/index.php\/2025\/01\/31\/ciolacu-despre-tezaurul-dacic-furat-existe-sanse-mari-sa-fie-recuperat\/"},"modified":"2025-01-31T06:45:10","modified_gmt":"2025-01-31T06:45:10","slug":"ciolacu-despre-tezaurul-dacic-furat-existe-sanse-mari-sa-fie-recuperat","status":"publish","type":"post","link":"https:\/\/247stiri.ro\/index.php\/2025\/01\/31\/ciolacu-despre-tezaurul-dacic-furat-existe-sanse-mari-sa-fie-recuperat\/","title":{"rendered":"Ciolacu, despre tezaurul dacic furat: Existe \u0219anse mari s\u0103 fie RECUPERAT"},"content":{"rendered":"<p>&#8222;Dup\u0103 arestarea celor trei suspec\u021bi au crescut \u0219ansele. M\u0103 bucur mult c\u0103 autorit\u0103\u021bile olandeze au inteles c\u0103 trebuie implicate si autorit\u0103\u021bile din Romania, \u00een acest moment procurorul general al Romaniei este la Haga. Se va deplasa si o echip\u0103 de experti criminalisti, sansele de recuperare au crescut foarte mult in acest moment. Sper\u0103m c\u0103 zilele urmatoare sa dam o veste buna romanilor si intreg tezaurul furat sa fie recuperat&#8221;, a declarat Ciolacu.\u00a0<\/p>\n<p><a title=\"@marcel_ciolacu\" href=\"https:\/\/www.tiktok.com\/@marcel_ciolacu?refer=embed\" target=\"_blank\">@marcel_ciolacu<\/a> Sper\u0103m c\u0103 tezaurul se va intoarce \u00een \u021bar\u0103 s\u0103pt\u0103m\u00e2na viitoare! <a title=\"marcelciolacu\" href=\"https:\/\/www.tiktok.com\/tag\/marcelciolacu?refer=embed\" target=\"_blank\">#marcelciolacu<\/a> <a title=\"psd\" href=\"https:\/\/www.tiktok.com\/tag\/psd?refer=embed\" target=\"_blank\">#psd<\/a> <a title=\"romania\" href=\"https:\/\/www.tiktok.com\/tag\/romania?refer=embed\" target=\"_blank\">#romania<\/a> <a title=\"coif\" href=\"https:\/\/www.tiktok.com\/tag\/coif?refer=embed\" target=\"_blank\">#coif<\/a> <a title=\"muzeu\" href=\"https:\/\/www.tiktok.com\/tag\/muzeu?refer=embed\" target=\"_blank\">#muzeu<\/a> <a title=\"emotii\" href=\"https:\/\/www.tiktok.com\/tag\/emotii?refer=embed\" target=\"_blank\">#emotii<\/a> <a title=\"\u266c sunet original - marcel_ciolacu\" href=\"https:\/\/www.tiktok.com\/music\/sunet-original-7465774074082413334?refer=embed\" target=\"_blank\">\u266c sunet original &#8211; marcel_ciolacu<\/a><\/p>","protected":false},"excerpt":{"rendered":"<p>&#8222;Dup\u0103 arestarea celor trei suspec\u021bi au crescut \u0219ansele. M\u0103 bucur mult c\u0103 autorit\u0103\u021bile olandeze au&hellip;<\/p>\n","protected":false},"author":0,"featured_media":27968,"comment_status":"open","ping_status":"open","sticky":false,"template":"","format":"standard","meta":{"footnotes":""},"categories":[3],"tags":[],"class_list":["post-27967","post","type-post","status-publish","format-standard","has-post-thumbnail","hentry","category-politica"],"_links":{"self":[{"href":"https:\/\/247stiri.ro\/index.php\/wp-json\/wp\/v2\/posts\/27967","targetHints":{"allow":["GET"]}}],"collection":[{"href":"https:\/\/247stiri.ro\/index.php\/wp-json\/wp\/v2\/posts"}],"about":[{"href":"https:\/\/247stiri.ro\/index.php\/wp-json\/wp\/v2\/types\/post"}],"replies":[{"embeddable":true,"href":"https:\/\/247stiri.ro\/index.php\/wp-json\/wp\/v2\/comments?post=27967"}],"version-history":[{"count":0,"href":"https:\/\/247stiri.ro\/index.php\/wp-json\/wp\/v2\/posts\/27967\/revisions"}],"wp:featuredmedia":[{"embeddable":true,"href":"https:\/\/247stiri.ro\/index.php\/wp-json\/wp\/v2\/media\/27968"}],"wp:attachment":[{"href":"https:\/\/247stiri.ro\/index.php\/wp-json\/wp\/v2\/media?parent=27967"}],"wp:term":[{"taxonomy":"category","embeddable":true,"href":"https:\/\/247stiri.ro\/index.php\/wp-json\/wp\/v2\/categories?post=27967"},{"taxonomy":"post_tag","embeddable":true,"href":"https:\/\/247stiri.ro\/index.php\/wp-json\/wp\/v2\/tags?post=27967"}],"curies":[{"name":"wp","href":"https:\/\/api.w.org\/{rel}","templated":true}]}}