{"id":2801,"date":"2024-10-29T12:44:49","date_gmt":"2024-10-29T12:44:49","guid":{"rendered":"https:\/\/247stiri.ro\/index.php\/2024\/10\/29\/rasturnare-de-situatie-un-barbat-dat-disparut-a-fost-gasit-mort-in-padure\/"},"modified":"2024-10-29T12:44:49","modified_gmt":"2024-10-29T12:44:49","slug":"rasturnare-de-situatie-un-barbat-dat-disparut-a-fost-gasit-mort-in-padure","status":"publish","type":"post","link":"https:\/\/247stiri.ro\/index.php\/2024\/10\/29\/rasturnare-de-situatie-un-barbat-dat-disparut-a-fost-gasit-mort-in-padure\/","title":{"rendered":"R\u0103sturnare de situa\u021bie! Un b\u0103rbat dat disp\u0103rut a fost g\u0103sit mort \u00een p\u0103dure"},"content":{"rendered":"<p>Victima a disp\u0103rut pe 7 octombrie 2024<\/p>\n<p>B\u0103rbatul, diagnosticat cu Alzheimer, a disp\u0103rut de acas\u0103 pe data de 7 octombrie, declan\u0219\u00e2nd o serie de c\u0103ut\u0103ri din partea autorit\u0103\u021bilor \u0219i apeluri disperate ale familiei c\u0103tre oricine ar fi putut oferi informa\u021bii despre el.<\/p>\n<p><a href=\"https:\/\/www.realitatea.net\/stiri\/extern\/femeia-care-sia-ucis-sotul-dupa-ce-a-aflat-ca-este-inselata-barbatul-sia-dat-ultima-suflare-intro-valiza_6720b0b95158144def7380bb\" target=\"_blank\" rel=\"noopener\">Descoperirea<\/a> a fost f\u0103cut\u0103 luni, de un localnic care se afla \u00een p\u0103durea de la marginea comunei pentru a culege ciuperci. Acesta a g\u0103sit trupul ne\u00eensufle\u021bit al b\u0103rbatului \u0219i a contactat-o pe so\u021bia decedatului, care a alertat autorit\u0103\u021bile.\u00a0<\/p>\n<p>Potrivit IPJ Buz\u0103u, la data de 28 octombrie, poli\u021bi\u0219tii au fost sesiza\u021bi cu privire la prezen\u021ba unei persoane decedate \u00een p\u0103durea respectiv\u0103. Echipa de interven\u021bie trimis\u0103 la fa\u021ba locului a confirmat tragica descoperire.<\/p>\n<p><a href=\"https:\/\/www.realitatea.net\/stiri\/actual\/barbat-mort-dupa-ce-a-lasat-nesupravegheat-un-aparat-de-gatit-tragedie-in-giurgiu_67209ebe4033d7016a5e7769\" target=\"_blank\" rel=\"noopener\">Din primele investiga\u021bii,<\/a> poli\u021bi\u0219tii au stabilit c\u0103 exist\u0103 indicii clare c\u0103 persoana decedat\u0103 ar fi b\u0103rbatul de 71 de ani dat disp\u0103rut pe 7 octombrie. \u00cen continuare, ancheta se desf\u0103\u0219oar\u0103 sub coordonarea Parchetului, urm\u00e2nd ca necropsia s\u0103 confirme identitatea persoanei \u0219i s\u0103 stabileasc\u0103 circumstan\u021bele exacte ale decesului.<\/p>","protected":false},"excerpt":{"rendered":"<p>Victima a disp\u0103rut pe 7 octombrie 2024 B\u0103rbatul, diagnosticat cu Alzheimer, a disp\u0103rut de acas\u0103&hellip;<\/p>\n","protected":false},"author":0,"featured_media":2802,"comment_status":"open","ping_status":"open","sticky":false,"template":"","format":"standard","meta":{"footnotes":""},"categories":[2],"tags":[],"class_list":["post-2801","post","type-post","status-publish","format-standard","has-post-thumbnail","hentry","category-actual"],"_links":{"self":[{"href":"https:\/\/247stiri.ro\/index.php\/wp-json\/wp\/v2\/posts\/2801","targetHints":{"allow":["GET"]}}],"collection":[{"href":"https:\/\/247stiri.ro\/index.php\/wp-json\/wp\/v2\/posts"}],"about":[{"href":"https:\/\/247stiri.ro\/index.php\/wp-json\/wp\/v2\/types\/post"}],"replies":[{"embeddable":true,"href":"https:\/\/247stiri.ro\/index.php\/wp-json\/wp\/v2\/comments?post=2801"}],"version-history":[{"count":0,"href":"https:\/\/247stiri.ro\/index.php\/wp-json\/wp\/v2\/posts\/2801\/revisions"}],"wp:featuredmedia":[{"embeddable":true,"href":"https:\/\/247stiri.ro\/index.php\/wp-json\/wp\/v2\/media\/2802"}],"wp:attachment":[{"href":"https:\/\/247stiri.ro\/index.php\/wp-json\/wp\/v2\/media?parent=2801"}],"wp:term":[{"taxonomy":"category","embeddable":true,"href":"https:\/\/247stiri.ro\/index.php\/wp-json\/wp\/v2\/categories?post=2801"},{"taxonomy":"post_tag","embeddable":true,"href":"https:\/\/247stiri.ro\/index.php\/wp-json\/wp\/v2\/tags?post=2801"}],"curies":[{"name":"wp","href":"https:\/\/api.w.org\/{rel}","templated":true}]}}