{"id":28012,"date":"2025-01-31T08:45:21","date_gmt":"2025-01-31T08:45:21","guid":{"rendered":"https:\/\/247stiri.ro\/index.php\/2025\/01\/31\/suspectii-in-cazul-furtului-tezaurului-dacic-audiati-astazi-de-un-tribunal-de-instructie-unul-dintre-ei-are-un-cazier-impresionat\/"},"modified":"2025-01-31T08:45:21","modified_gmt":"2025-01-31T08:45:21","slug":"suspectii-in-cazul-furtului-tezaurului-dacic-audiati-astazi-de-un-tribunal-de-instructie-unul-dintre-ei-are-un-cazier-impresionat","status":"publish","type":"post","link":"https:\/\/247stiri.ro\/index.php\/2025\/01\/31\/suspectii-in-cazul-furtului-tezaurului-dacic-audiati-astazi-de-un-tribunal-de-instructie-unul-dintre-ei-are-un-cazier-impresionat\/","title":{"rendered":"Suspec\u0163ii \u00een cazul furtului tezaurului dacic, AUDIA\u021aI ast\u0103zi de un tribunal de instruc\u0163ie. Unul dintre ei are un CAZIER IMPRESIONAT"},"content":{"rendered":"<p>Bernhard Zeeman, \u00een v\u00e2rst\u0103 de 34 de ani, unul dintre suspec\u0163ii din cazul furtului tezaurului dacic de la Muzeul Drents din Assen, a primit anterior o pedeaps\u0103 grea cu \u00eenchisoarea pentru un jaf la domiciliu foarte violent \u00een Heerhugowaard, scrie sursa citat\u0103, potrivit News.ro.<\/p>\n<p>Reamintim c\u0103 poli\u0163ia \u015fi Parchetul au f\u0103cut public numele lui Bernhard Zeeman joi sear\u0103, dup\u0103 ce acesta a fost re\u0163inut pentru o posibil\u0103 implicare \u00een jaful de la Muzeul Drents din Assen de s\u00e2mb\u0103ta trecut\u0103. Poli\u0163ia a dezv\u0103luit, de asemenea, numele celuilalt b\u0103rbat arestat: Douglas Chesley Wendersteyt.<\/p>\n<p>Echipa de investiga\u0163ii criminale are nevoie de mai multe informa\u0163ii cu privire la locul \u00een care s-au dus cei doi b\u0103rba\u0163i dup\u0103 spargerea de la muzeu. Au fost efectuate perchezi\u0163ii la domiciliul din Heerhugowaard al celor doi, \u00eens\u0103 poli\u0163i\u015ftii nu au dat de nicio urm\u0103 a obiectelor disp\u0103rute de la muzeu. Probabil cei doi suspec\u0163i refuz\u0103 s\u0103 vorbeasc\u0103, a\u015fa c\u0103 poli\u0163ia \u015fi procuratura au ales s\u0103 cear\u0103 insistent popula\u0163iei s\u0103 comunice orice informa\u0163ii care le-ar putea fi de ajutor, o strategie mai pu\u0163in folosit\u0103, potrivit De Telegraaf.<\/p>\n<p>Bernhard Zeeman, cunoscut pentru comportament violent<\/p>\n<p>Bernhard Zeeman pare s\u0103 aib\u0103 un cazier judiciar foarte extins. \u00cen 2014, el a primit o pedeaps\u0103 de 5 ani \u015fi jum\u0103tate de \u00eenchisoare pentru un jaf violent la domiciliu \u00een ora\u015ful s\u0103u natal Heerhugowaard. Trei b\u0103rba\u0163i au sunat la soneria unei case, iar u\u015fa a fost deschis\u0103 de o feti\u0163\u0103 de 12 ani. Ho\u0163ii au intrat \u015fi i-au legat pe p\u0103rin\u0163i, pe fat\u0103 \u015fi pe fratele ei \u00een v\u00e2rst\u0103 de 8 ani. Familia a fost apoi amenin\u0163at\u0103 cu o arm\u0103 de foc. Infractorii, printre care \u015fi Zeeman, au plecat cu bijuterii \u015fi cu ma\u015fina Audi A6 a familiei. Ho\u0163ii au reu\u015fit s\u0103 scape dup\u0103 o urm\u0103rire ca-n filme a poli\u0163iei. Dar, cu ajutorul emisiunii de investiga\u0163ii \u201eOpsporing Verzocht\u201d &#8211; care s-a implicat \u015fi \u00een cazul jafului de la muzeu s\u0103pt\u0103m\u00e2na aceasa &#8211; p\u00e2n\u0103 la urm\u0103 to\u0163i trei au fost re\u0163inu\u0163i. Un an mai t\u00e2rziu, instan\u0163a i-a acuzat \u0163in\u00e2nd cont de circumstan\u0163e agravante &#8211; prezen\u0163a copiilor mici nu i-a oprit s\u0103 comit\u0103 jaful, ba chiar au recurs la violen\u0163\u0103 \u00eempotriva lor.<\/p>\n<p>C\u00e2nd Zeeman a fost eliberat condi\u0163ionat \u00een 2018, lucrurile au degenerat din nou. El a amenin\u0163at-o pe femeia care era \u00eens\u0103rcinat\u0103 cu copilul s\u0103u cu o arm\u0103 de foc. \u201eO s\u0103 te omor pe tine \u015fi pe copilul t\u0103u&#8217;\u201d, i-a spus el. C\u00e2nd a fost arestat, s-a descoperit c\u0103 avea dou\u0103 arme, un Browning \u015fi un Zoraki, plus muni\u0163ie. Hot\u0103r\u00e2rea instan\u0163ei din Amsterdam privind acest caz din 2018 a ar\u0103tat c\u0103 Zeeman avea leziuni cerebrale necongenitale. Cu toate acestea, judec\u0103torii au v\u0103zut, \u00een apel, suficiente motive pentru a impune \u00een continuare o pedeaps\u0103. \u00cen plus fa\u0163\u0103 de un an de \u00eenchisoare pentru amenin\u0163area viitoarei mame a copilului s\u0103u \u015fi de\u0163inerea de arme, el a trebuit s\u0103 execute \u015fi anul de \u00eenchisoare r\u0103mas pentru jaful de la Heerhugowaard.<\/p>\n<p>Chiar \u015fi dup\u0103 aceste condamn\u0103ri, Bernhard Zeeman a avut \u00een continuare probleme cu legea, pentru distrugere \u015fi conducere sub influen\u0163a alcoolului, printre altele.<\/p>\n<p>Modul \u00een care a fost implicat ulterior \u00een jaful de art\u0103 din Assen este \u00eenc\u0103 neclar. Poli\u0163ia \u015fi justi\u0163ia nu doresc \u00eenc\u0103 s\u0103 comenteze suspiciunile \u00eempotriva sa sau a tovar\u0103\u015fului s\u0103u, Douglas Chesley Wendersteyt. De asemenea, poli\u0163ia nu a dezv\u0103luit nimic despre o femeie care se afl\u0103 \u00eenc\u0103 \u00een arest preventiv pentru posibila implicare \u00een furtul aurului rom\u00e2nesc.<\/p>","protected":false},"excerpt":{"rendered":"<p>Bernhard Zeeman, \u00een v\u00e2rst\u0103 de 34 de ani, unul dintre suspec\u0163ii din cazul furtului tezaurului&hellip;<\/p>\n","protected":false},"author":0,"featured_media":28007,"comment_status":"open","ping_status":"open","sticky":false,"template":"","format":"standard","meta":{"footnotes":""},"categories":[2],"tags":[],"class_list":["post-28012","post","type-post","status-publish","format-standard","has-post-thumbnail","hentry","category-actual"],"_links":{"self":[{"href":"https:\/\/247stiri.ro\/index.php\/wp-json\/wp\/v2\/posts\/28012","targetHints":{"allow":["GET"]}}],"collection":[{"href":"https:\/\/247stiri.ro\/index.php\/wp-json\/wp\/v2\/posts"}],"about":[{"href":"https:\/\/247stiri.ro\/index.php\/wp-json\/wp\/v2\/types\/post"}],"replies":[{"embeddable":true,"href":"https:\/\/247stiri.ro\/index.php\/wp-json\/wp\/v2\/comments?post=28012"}],"version-history":[{"count":0,"href":"https:\/\/247stiri.ro\/index.php\/wp-json\/wp\/v2\/posts\/28012\/revisions"}],"wp:featuredmedia":[{"embeddable":true,"href":"https:\/\/247stiri.ro\/index.php\/wp-json\/wp\/v2\/media\/28007"}],"wp:attachment":[{"href":"https:\/\/247stiri.ro\/index.php\/wp-json\/wp\/v2\/media?parent=28012"}],"wp:term":[{"taxonomy":"category","embeddable":true,"href":"https:\/\/247stiri.ro\/index.php\/wp-json\/wp\/v2\/categories?post=28012"},{"taxonomy":"post_tag","embeddable":true,"href":"https:\/\/247stiri.ro\/index.php\/wp-json\/wp\/v2\/tags?post=28012"}],"curies":[{"name":"wp","href":"https:\/\/api.w.org\/{rel}","templated":true}]}}