{"id":28054,"date":"2025-01-31T10:44:47","date_gmt":"2025-01-31T10:44:47","guid":{"rendered":"https:\/\/247stiri.ro\/index.php\/2025\/01\/31\/calin-georgescu-denunta-coruptia-din-romania-demersul-la-nivel-inalt-facut-de-presedintele-ales-si-echipa-sa-de-avocati\/"},"modified":"2025-01-31T10:44:47","modified_gmt":"2025-01-31T10:44:47","slug":"calin-georgescu-denunta-coruptia-din-romania-demersul-la-nivel-inalt-facut-de-presedintele-ales-si-echipa-sa-de-avocati","status":"publish","type":"post","link":"https:\/\/247stiri.ro\/index.php\/2025\/01\/31\/calin-georgescu-denunta-coruptia-din-romania-demersul-la-nivel-inalt-facut-de-presedintele-ales-si-echipa-sa-de-avocati\/","title":{"rendered":"C\u0103lin Georgescu denun\u021b\u0103 CORUP\u021aIA din Rom\u00e2nia. Demersul la nivel \u00eenalt f\u0103cut de pre\u0219edintele ales \u0219i echipa sa de avoca\u021bi"},"content":{"rendered":"<p>Pre\u0219edintele ales C\u0103lin Georgescu vorbe\u0219te despre corup\u021bia din \u021bara noastr\u0103 \u0219i spune c\u0103, de fapt, politicienii corup\u021bi din \u021bara noastr\u0103 au lucrat \u00een umbr\u0103 \u00eempotriva &#8222;valorilor europene \u0219i democratice&#8221;.<\/p>\n<p>Georgescu specific\u0103, de asemenea, faptul c\u0103 prefer\u0103 s\u0103 fie pro rom\u00e2n, &#8222;unul ata\u0219at de democra\u021bie \u0219i de valorile europene pe care le-a \u00eembr\u0103\u021bi\u0219at \u021bara noastr\u0103, valori care sper\u0103m c\u0103 vor aduce c\u0103 vor aduce bun\u0103starea economic\u0103 \u0219i social\u0103 \u00een aceast\u0103 comunitate unit\u0103&#8221;.<\/p>\n<p>\u00cen acest moment sunt a\u0219teptate \u0219i rezultatele de la Curtea Interna\u021bional\u0103 de la Haga, \u0219i asta deoarece avoca\u021bii lui C\u0103lin Georgescu au formulat o pl\u00e2ngere \u00een acest sens.\u00a0Avocata lui C\u0103lin Georgescu spunea c\u0103 au fost depuse peste 3000 de documente \u00een acest sens.\u00a0<\/p>\n<p>Sunt informa\u021bii potrivit c\u0103rora o echip\u0103 de juri\u0219ti de la Curtea Interna\u021bional\u0103 de la Haga ar putea veni \u00een Rom\u00e2nia pentru a vedea cum s-a anulat turul doi al alegerilor preziden\u021biale.\u00a0<\/p>","protected":false},"excerpt":{"rendered":"<p>Pre\u0219edintele ales C\u0103lin Georgescu vorbe\u0219te despre corup\u021bia din \u021bara noastr\u0103 \u0219i spune c\u0103, de fapt,&hellip;<\/p>\n","protected":false},"author":0,"featured_media":28055,"comment_status":"open","ping_status":"open","sticky":false,"template":"","format":"standard","meta":{"footnotes":""},"categories":[3],"tags":[],"class_list":["post-28054","post","type-post","status-publish","format-standard","has-post-thumbnail","hentry","category-politica"],"_links":{"self":[{"href":"https:\/\/247stiri.ro\/index.php\/wp-json\/wp\/v2\/posts\/28054","targetHints":{"allow":["GET"]}}],"collection":[{"href":"https:\/\/247stiri.ro\/index.php\/wp-json\/wp\/v2\/posts"}],"about":[{"href":"https:\/\/247stiri.ro\/index.php\/wp-json\/wp\/v2\/types\/post"}],"replies":[{"embeddable":true,"href":"https:\/\/247stiri.ro\/index.php\/wp-json\/wp\/v2\/comments?post=28054"}],"version-history":[{"count":0,"href":"https:\/\/247stiri.ro\/index.php\/wp-json\/wp\/v2\/posts\/28054\/revisions"}],"wp:featuredmedia":[{"embeddable":true,"href":"https:\/\/247stiri.ro\/index.php\/wp-json\/wp\/v2\/media\/28055"}],"wp:attachment":[{"href":"https:\/\/247stiri.ro\/index.php\/wp-json\/wp\/v2\/media?parent=28054"}],"wp:term":[{"taxonomy":"category","embeddable":true,"href":"https:\/\/247stiri.ro\/index.php\/wp-json\/wp\/v2\/categories?post=28054"},{"taxonomy":"post_tag","embeddable":true,"href":"https:\/\/247stiri.ro\/index.php\/wp-json\/wp\/v2\/tags?post=28054"}],"curies":[{"name":"wp","href":"https:\/\/api.w.org\/{rel}","templated":true}]}}