{"id":28057,"date":"2025-01-31T10:44:48","date_gmt":"2025-01-31T10:44:48","guid":{"rendered":"https:\/\/247stiri.ro\/index.php\/2025\/01\/31\/iohannis-pleaca-luni-la-bruxelles-este-prima-activitate-oficiala-dupa-mai-bine-de-o-luna-de-absenta-la-ce-eveniment-va-participa\/"},"modified":"2025-01-31T10:44:48","modified_gmt":"2025-01-31T10:44:48","slug":"iohannis-pleaca-luni-la-bruxelles-este-prima-activitate-oficiala-dupa-mai-bine-de-o-luna-de-absenta-la-ce-eveniment-va-participa","status":"publish","type":"post","link":"https:\/\/247stiri.ro\/index.php\/2025\/01\/31\/iohannis-pleaca-luni-la-bruxelles-este-prima-activitate-oficiala-dupa-mai-bine-de-o-luna-de-absenta-la-ce-eveniment-va-participa\/","title":{"rendered":"Iohannis pleac\u0103 luni la Bruxelles. Este  prima activitate oficial\u0103 dup\u0103 mai bine de o lun\u0103 de ABSEN\u021a\u0102: la ce eveniment va participa"},"content":{"rendered":"<p>Potrivit sursei citate, \u0219eful statului va sus\u021bine, \u00een cadrul discu\u021biei, necesitatea ca Uniunea European\u0103 s\u0103 \u00ee\u0219i asume o responsabilitate crescut\u0103 pentru propria ap\u0103rare, &#8216;\u00een mod eficient, credibil, responsabil \u0219i \u00een complementaritate cu NATO, care r\u0103m\u00e2ne fundamentul securit\u0103\u021bii euroatlantice&#8217;.<\/p>\n<p>De asemenea, Klaus Iohannis va eviden\u021bia importan\u021ba aprofund\u0103rii cooper\u0103rii la nivelul Uniunii Europene pe teme de ap\u0103rare, dimensiunea economic\u0103 a ap\u0103r\u0103rii, utilizarea eficient\u0103 a mecanismelor \u0219i a op\u021biunilor de finan\u021bare, nevoia de a dezvolta baza industrial\u0103 \u0219i tehnologic\u0103 de ap\u0103rare european\u0103, precum \u0219i conexiunea acestui domeniu cu competitivitatea \u0219i coeziunea de ansamblu a Uniunii Europene.<\/p>\n<p>El va sublinia, totodat\u0103, rolul cheie al rela\u021biei transatlantice \u0219i al parteneriatelor globale pentru cre\u0219terea rezilien\u021bei Uniunii Europene pe acest palier.<\/p>\n<p>Discu\u021biile liderilor UE se vor axa pe aspecte privind modalit\u0103\u021bile concrete de consolidare a capacit\u0103\u021bilor de ap\u0103rare la nivel european, preg\u0103tind \u0219i fundament\u00e2nd deciziile formale care urmeaz\u0103 s\u0103 fie luate \u00een perioada urm\u0103toare.<\/p>\n<p>Vor fi abordate \u0219i aspecte privind importan\u021ba rela\u021biei transatlantice \u0219i Parteneriatul Strategic dintre UE \u0219i SUA, rela\u021bia dintre UE \u0219i Regatul Unit, parteneriatele Uniunii Europene \u00een domeniul ap\u0103r\u0103rii, precum \u0219i complementaritatea dintre UE \u0219i NATO \u00een materie de securitate \u0219i ap\u0103rare.<\/p>\n<p>Dezbaterile vizeaz\u0103 \u0219i identificarea unor principii de baz\u0103 necesare pentru elaborarea \u0219i adoptarea unui document programatic legat de viitorul ap\u0103r\u0103rii europene &#8211; &#8216;Carta Alb\u0103&#8217;, care urmeaz\u0103 s\u0103 fie elaborat \u00een prima parte a anului 2025 de c\u0103tre Comisia European\u0103. Documentul va aborda inclusiv priorit\u0103\u021bile privind capacit\u0103\u021bile de ap\u0103rare ale UE, \u021bin\u00e2nd cont \u0219i de sprijinul necesar pentru Ucraina, ini\u021biativele comune de ap\u0103rare \u0219i resursele necesare pentru dezvoltarea acestora.<\/p>\n<p>Programul reuniunii cuprinde, pe l\u00e2ng\u0103 consult\u0103rile \u00een formatul liderilor statelor membre, schimbul uzual de opinii cu pre\u0219edintele Parlamentului European, Roberta Metsola, o reuniune cu secretarul general al NATO, Mark Rutte, \u0219i o \u00eent\u00e2lnire cu prim-ministrul Regatului Unit al Marii Britanii \u0219i al Irlandei de Nord, Keir Starmer.<\/p>","protected":false},"excerpt":{"rendered":"<p>Potrivit sursei citate, \u0219eful statului va sus\u021bine, \u00een cadrul discu\u021biei, necesitatea ca Uniunea European\u0103 s\u0103&hellip;<\/p>\n","protected":false},"author":0,"featured_media":28058,"comment_status":"open","ping_status":"open","sticky":false,"template":"","format":"standard","meta":{"footnotes":""},"categories":[3],"tags":[],"class_list":["post-28057","post","type-post","status-publish","format-standard","has-post-thumbnail","hentry","category-politica"],"_links":{"self":[{"href":"https:\/\/247stiri.ro\/index.php\/wp-json\/wp\/v2\/posts\/28057","targetHints":{"allow":["GET"]}}],"collection":[{"href":"https:\/\/247stiri.ro\/index.php\/wp-json\/wp\/v2\/posts"}],"about":[{"href":"https:\/\/247stiri.ro\/index.php\/wp-json\/wp\/v2\/types\/post"}],"replies":[{"embeddable":true,"href":"https:\/\/247stiri.ro\/index.php\/wp-json\/wp\/v2\/comments?post=28057"}],"version-history":[{"count":0,"href":"https:\/\/247stiri.ro\/index.php\/wp-json\/wp\/v2\/posts\/28057\/revisions"}],"wp:featuredmedia":[{"embeddable":true,"href":"https:\/\/247stiri.ro\/index.php\/wp-json\/wp\/v2\/media\/28058"}],"wp:attachment":[{"href":"https:\/\/247stiri.ro\/index.php\/wp-json\/wp\/v2\/media?parent=28057"}],"wp:term":[{"taxonomy":"category","embeddable":true,"href":"https:\/\/247stiri.ro\/index.php\/wp-json\/wp\/v2\/categories?post=28057"},{"taxonomy":"post_tag","embeddable":true,"href":"https:\/\/247stiri.ro\/index.php\/wp-json\/wp\/v2\/tags?post=28057"}],"curies":[{"name":"wp","href":"https:\/\/api.w.org\/{rel}","templated":true}]}}