{"id":28070,"date":"2025-01-31T10:44:52","date_gmt":"2025-01-31T10:44:52","guid":{"rendered":"https:\/\/247stiri.ro\/index.php\/2025\/01\/31\/premierul-ciolacu-intalnire-cu-sefii-fondurilor-de-investitii-americane-atragerea-investitiilor-straine-importante-este-o-prioritate-si-in-acest-an\/"},"modified":"2025-01-31T10:44:52","modified_gmt":"2025-01-31T10:44:52","slug":"premierul-ciolacu-intalnire-cu-sefii-fondurilor-de-investitii-americane-atragerea-investitiilor-straine-importante-este-o-prioritate-si-in-acest-an","status":"publish","type":"post","link":"https:\/\/247stiri.ro\/index.php\/2025\/01\/31\/premierul-ciolacu-intalnire-cu-sefii-fondurilor-de-investitii-americane-atragerea-investitiilor-straine-importante-este-o-prioritate-si-in-acest-an\/","title":{"rendered":"Premierul Ciolacu, \u00eent\u00e2lnire cu \u0219efii fondurilor de investi\u021bii americane: Atragerea investi\u0163iilor str\u0103ine importante este o prioritate \u015fi \u00een acest an"},"content":{"rendered":"<p>\u201dS\u0103pt\u0103m\u00e2na viitoare, voi discuta cu \u015fefii unor mari fonduri de investi\u0163ii americane, interesate de \u0163ara noastr\u0103. Sunt semnale clare c\u0103 Parteneriatul Strategic cu Statele Unite intr\u0103 \u00een noua dimensiune economic\u0103 agreat\u0103 cu pre\u015fedintele Trump, la finalul anului trecut\u201d, a transmis premierul, vineri, la \u00eenceputul \u015fedin\u0163ei de Guvern.<\/p>\n<p>El a mai anun\u0163at c\u0103 un concern str\u0103in va reloca fabrica din Bulgaria \u00een Rom\u00e2nia.<\/p>\n<p>\u201dAtragerea investi\u0163iilor str\u0103ine importante este o prioritate \u015fi \u00een acest an. M\u0103 bucur c\u0103 ieri, un concern str\u0103in a anun\u0163at relocarea fabricii din Bulgaria \u00een Rom\u00e2nia. Fiecare investitor c\u00e2\u015ftigat este esen\u0163ial pentru economie\u201d, a mai afirmat Marcel Ciolacu.<\/p>\n<p>O alt\u0103 m\u0103sur\u0103 adoptat\u0103 \u00een cadrul \u015fedin\u0163ei de Guvern se refer\u0103 la Contractul-cadru care stabile\u015fte condi\u0163iile de acordare a serviciilor de s\u0103n\u0103tate.<\/p>\n<p>\u201dAprob\u0103m ast\u0103zi \u015fi Contractul-cadru ce stabile\u015fte detaliile privind condi\u0163iile de acordare a serviciilor de s\u0103n\u0103tate \u00een anul 2025. De asemenea, asigur\u0103m p\u00e2n\u0103 la sf\u00e2r\u015fitul anului buna func\u0163ionare a Programului Na\u0163ional de \u00eengrijiri paliative. Vorbim de toate formele posibile de \u00eengrijire: la domiciliu, \u00een ambulatoriu sau \u00een regim de spitalizare de zi.\u201d, a mai transmis premierul Ciolacu.<\/p>","protected":false},"excerpt":{"rendered":"<p>\u201dS\u0103pt\u0103m\u00e2na viitoare, voi discuta cu \u015fefii unor mari fonduri de investi\u0163ii americane, interesate de \u0163ara&hellip;<\/p>\n","protected":false},"author":0,"featured_media":28071,"comment_status":"open","ping_status":"open","sticky":false,"template":"","format":"standard","meta":{"footnotes":""},"categories":[2],"tags":[],"class_list":["post-28070","post","type-post","status-publish","format-standard","has-post-thumbnail","hentry","category-actual"],"_links":{"self":[{"href":"https:\/\/247stiri.ro\/index.php\/wp-json\/wp\/v2\/posts\/28070","targetHints":{"allow":["GET"]}}],"collection":[{"href":"https:\/\/247stiri.ro\/index.php\/wp-json\/wp\/v2\/posts"}],"about":[{"href":"https:\/\/247stiri.ro\/index.php\/wp-json\/wp\/v2\/types\/post"}],"replies":[{"embeddable":true,"href":"https:\/\/247stiri.ro\/index.php\/wp-json\/wp\/v2\/comments?post=28070"}],"version-history":[{"count":0,"href":"https:\/\/247stiri.ro\/index.php\/wp-json\/wp\/v2\/posts\/28070\/revisions"}],"wp:featuredmedia":[{"embeddable":true,"href":"https:\/\/247stiri.ro\/index.php\/wp-json\/wp\/v2\/media\/28071"}],"wp:attachment":[{"href":"https:\/\/247stiri.ro\/index.php\/wp-json\/wp\/v2\/media?parent=28070"}],"wp:term":[{"taxonomy":"category","embeddable":true,"href":"https:\/\/247stiri.ro\/index.php\/wp-json\/wp\/v2\/categories?post=28070"},{"taxonomy":"post_tag","embeddable":true,"href":"https:\/\/247stiri.ro\/index.php\/wp-json\/wp\/v2\/tags?post=28070"}],"curies":[{"name":"wp","href":"https:\/\/api.w.org\/{rel}","templated":true}]}}