{"id":28088,"date":"2025-01-31T11:45:22","date_gmt":"2025-01-31T11:45:22","guid":{"rendered":"https:\/\/247stiri.ro\/index.php\/2025\/01\/31\/locuitorii-din-iasi-loviti-la-buzunare-in-plina-iarna-pretul-gigacaloriei-majorat-cu-50-pentru-casnici-si-130-pentru-firme\/"},"modified":"2025-01-31T11:45:22","modified_gmt":"2025-01-31T11:45:22","slug":"locuitorii-din-iasi-loviti-la-buzunare-in-plina-iarna-pretul-gigacaloriei-majorat-cu-50-pentru-casnici-si-130-pentru-firme","status":"publish","type":"post","link":"https:\/\/247stiri.ro\/index.php\/2025\/01\/31\/locuitorii-din-iasi-loviti-la-buzunare-in-plina-iarna-pretul-gigacaloriei-majorat-cu-50-pentru-casnici-si-130-pentru-firme\/","title":{"rendered":"Locuitorii din Ia\u0219i, lovi\u021bi la buzunare, \u00een plin\u0103 iarn\u0103. Pre\u021bul gigacaloriei majorat cu 50% pentru casnici \u0219i 130% pentru firme"},"content":{"rendered":"<p>Consilierii USR au contestat aceast\u0103 majorare, sus\u0163in\u00e2nd c\u0103 la Ia\u015fi CET a ajuns o gaur\u0103 neagr\u0103 pentru buget \u015fi c\u0103 municipalitatea nu are nicio solu\u0163ie.<\/p>\n<p>Edilul Mihai Chirica a explicat c\u0103 aceast\u0103 cre\u015ftere de pre\u0163 nu mai putea fi am\u00e2nat\u0103 \u015fi c\u0103 majorarea este solicitat\u0103 de c\u0103tre Autoritatea Na\u0163ional\u0103 de Reglementare \u00een Domeniul Energiei.<\/p>\n<p>Propunerea cre\u015fterii pre\u0163ului la gigacalorie a fost adoptat\u0103 cu votul consilierilor PNL, PSD \u015fi PMP.<\/p>\n<p>Conform hot\u0103r\u00e2rii Consiliului Local Ia\u015fi, pre\u0163ul pentru popula\u0163ia racordat\u0103 la sistemul centralizat va cre\u015fte din acest an cu 45 la sut\u0103, p\u00e2n\u0103 la aproximativ 300 lei\/gigacalorie, f\u0103r\u0103 TVA.<\/p>\n<p>\u00cen realitate, o gigacalorie va costa 753 de lei, \u00eens\u0103 Prim\u0103ria a majorat subven\u0163ia, astfel \u00eenc\u00e2t ie\u015fenii s\u0103 achite doar suma de 300 de lei pentru o gigacalorie.<\/p>\n<p>Reprezentan\u0163ii prim\u0103riei ie\u015fene sus\u0163in c\u0103 subven\u0163ia acordat\u0103 de municipalitate \u00een urma major\u0103rii va fi de trei ori mai mare fa\u0163\u0103 de cea achitat\u0103 \u00een prezent.<\/p>\n<p>\u00cen cazul consumatorilor non-casnici nu poate fi acordat\u0103 subven\u0163ia, astfel c\u0103 majorarea pre\u0163ului \u00een cazul acestora va ajunge la peste 130 la sut\u0103, adic\u0103 590 de lei pentru o gigacalorie.<\/p>\n<p>\u00cen prezent, sunt racordate la sistemul centralizat de \u00eenc\u0103lzire al ora\u015fului pu\u0163in peste 20.000 de apartamente, num\u0103rul ie\u015fenilor care opteaz\u0103 pentru acest sistem fiind \u00een sc\u0103dere de la an la an.<\/p>\n<p>\u00a0<\/p>","protected":false},"excerpt":{"rendered":"<p>Consilierii USR au contestat aceast\u0103 majorare, sus\u0163in\u00e2nd c\u0103 la Ia\u015fi CET a ajuns o gaur\u0103&hellip;<\/p>\n","protected":false},"author":0,"featured_media":28089,"comment_status":"open","ping_status":"open","sticky":false,"template":"","format":"standard","meta":{"footnotes":""},"categories":[2],"tags":[],"class_list":["post-28088","post","type-post","status-publish","format-standard","has-post-thumbnail","hentry","category-actual"],"_links":{"self":[{"href":"https:\/\/247stiri.ro\/index.php\/wp-json\/wp\/v2\/posts\/28088","targetHints":{"allow":["GET"]}}],"collection":[{"href":"https:\/\/247stiri.ro\/index.php\/wp-json\/wp\/v2\/posts"}],"about":[{"href":"https:\/\/247stiri.ro\/index.php\/wp-json\/wp\/v2\/types\/post"}],"replies":[{"embeddable":true,"href":"https:\/\/247stiri.ro\/index.php\/wp-json\/wp\/v2\/comments?post=28088"}],"version-history":[{"count":0,"href":"https:\/\/247stiri.ro\/index.php\/wp-json\/wp\/v2\/posts\/28088\/revisions"}],"wp:featuredmedia":[{"embeddable":true,"href":"https:\/\/247stiri.ro\/index.php\/wp-json\/wp\/v2\/media\/28089"}],"wp:attachment":[{"href":"https:\/\/247stiri.ro\/index.php\/wp-json\/wp\/v2\/media?parent=28088"}],"wp:term":[{"taxonomy":"category","embeddable":true,"href":"https:\/\/247stiri.ro\/index.php\/wp-json\/wp\/v2\/categories?post=28088"},{"taxonomy":"post_tag","embeddable":true,"href":"https:\/\/247stiri.ro\/index.php\/wp-json\/wp\/v2\/tags?post=28088"}],"curies":[{"name":"wp","href":"https:\/\/api.w.org\/{rel}","templated":true}]}}