{"id":28093,"date":"2025-01-31T11:45:23","date_gmt":"2025-01-31T11:45:23","guid":{"rendered":"https:\/\/247stiri.ro\/index.php\/2025\/01\/31\/hamas-va-elibera-sambata-trei-ostatici-israelieni-gruparea-palestiniana-le-a-dezvaluit-identitatea\/"},"modified":"2025-01-31T11:45:23","modified_gmt":"2025-01-31T11:45:23","slug":"hamas-va-elibera-sambata-trei-ostatici-israelieni-gruparea-palestiniana-le-a-dezvaluit-identitatea","status":"publish","type":"post","link":"https:\/\/247stiri.ro\/index.php\/2025\/01\/31\/hamas-va-elibera-sambata-trei-ostatici-israelieni-gruparea-palestiniana-le-a-dezvaluit-identitatea\/","title":{"rendered":"Hamas va elibera s\u00e2mb\u0103t\u0103 trei ostatici israelieni. Gruparea palestinian\u0103 le-a dezv\u0103luit identitatea"},"content":{"rendered":"<p>Cei trei ostatici israelieni care urmeaz\u0103 s\u0103 fie elibera\u0163i s\u00e2mb\u0103t\u0103 din Gaza sunt Ofer Calderon, Keith Siegel \u015fi Yarden Bibas, a anun\u0163at Hamas.\u00a0Oficialii israelieni au spus c\u0103 familiile au fost notificate \u015fi c\u0103 Israelul accept\u0103 lista Hamas, scrie The Times of Israel.<\/p>\n<p>Yarden Bibas, \u00een v\u00e2rst\u0103 de 35 de ani, este tat\u0103l bebelu\u015fului Kfir, \u00een v\u00e2rst\u0103 de numai nou\u0103 luni c\u00e2nd a fost r\u0103pit, \u015fi al lui Ariel, care avea 4 ani la momentul atacului. Nu au existat informa\u0163ii cu privire la soarta celor doi copii \u015fi a mamei lor, Shiri, care a fost r\u0103pit\u0103 \u00een acela\u015fi timp din kibbutzul Nir Oz. Hamas a declarat la sf\u00e2r\u015fitul anului 2023 c\u0103 ace\u015ftia au fost uci\u015fi de bombardamentele israeliene. Israelul nu a confirmat oficial moartea lor, dar \u015fi-a exprimat \u201eprofunda \u00eengrijorare\u201d pentru soarta lor. Yarden a fost r\u0103nit \u00een timpul r\u0103pirii sale.<\/p>\n<p>Americanul de origine israelian\u0103 Keith Siegel, care a fost luat ostatic \u00eempreun\u0103 cu so\u0163ia sa Aviva, a fost v\u0103zut \u00eentr-o \u00eenregistrare video difuzat\u0103 de Hamas anul trecut. So\u0163ia sa a fost eliberat\u0103 \u00een primul schimb de ostatici, \u00een noiembrie 2023.\u00a0Siegel, \u00een v\u00e2rst\u0103 de 65 de ani, este cet\u0103\u0163ean american originar din Carolina de Nord \u015fi a fost luat prizonier \u00eempreun\u0103 cu so\u0163ia sa Aviva din kibbutzul Kfar Aza.<\/p>\n<p>Cei doi copii ai lui Ofer Calderon (54 de ani), Erez \u015fi Sahar, r\u0103pi\u0163i \u00eempreun\u0103 cu el, au fost de asemenea elibera\u0163i \u00een cadrul primului schimb ostatici contra de\u0163inu\u0163i din noiembrie 2023. Ei fuseser\u0103 r\u0103pi\u0163i din kibbutzul Nir Oz.<\/p>\n<p>Joi, Hamas a eliberat opt ostatici \u00een Gaza. Grupul includea trei israelieni \u015fi cinci cet\u0103\u0163eni thailandezi. Dup\u0103 scene haotice, \u00een care mul\u0163imi de palestinieni au fost chema\u0163i s\u0103 asiste la eliberarea ostaticilor, Israelul a am\u00e2nat temporar eliberarea celor 110 de\u0163inu\u0163i palestinieni. Schimbul s-a f\u0103cut \u00een cele din urm\u0103.<\/p>\n<p>\u00cen cadrul primei faze a actualului armisti\u0163u, \u00eencheiat la \u00eenceputul lunii,, Hamas va elibera 33 de ostatici \u00een decurs de \u015fase s\u0103pt\u0103m\u00e2ni. \u00cen schimb, Israelul va trebui s\u0103 elibereze 737 de de\u0163inu\u0163i palestinieni.<\/p>","protected":false},"excerpt":{"rendered":"<p>Cei trei ostatici israelieni care urmeaz\u0103 s\u0103 fie elibera\u0163i s\u00e2mb\u0103t\u0103 din Gaza sunt Ofer Calderon,&hellip;<\/p>\n","protected":false},"author":0,"featured_media":28083,"comment_status":"open","ping_status":"open","sticky":false,"template":"","format":"standard","meta":{"footnotes":""},"categories":[2],"tags":[],"class_list":["post-28093","post","type-post","status-publish","format-standard","has-post-thumbnail","hentry","category-actual"],"_links":{"self":[{"href":"https:\/\/247stiri.ro\/index.php\/wp-json\/wp\/v2\/posts\/28093","targetHints":{"allow":["GET"]}}],"collection":[{"href":"https:\/\/247stiri.ro\/index.php\/wp-json\/wp\/v2\/posts"}],"about":[{"href":"https:\/\/247stiri.ro\/index.php\/wp-json\/wp\/v2\/types\/post"}],"replies":[{"embeddable":true,"href":"https:\/\/247stiri.ro\/index.php\/wp-json\/wp\/v2\/comments?post=28093"}],"version-history":[{"count":0,"href":"https:\/\/247stiri.ro\/index.php\/wp-json\/wp\/v2\/posts\/28093\/revisions"}],"wp:featuredmedia":[{"embeddable":true,"href":"https:\/\/247stiri.ro\/index.php\/wp-json\/wp\/v2\/media\/28083"}],"wp:attachment":[{"href":"https:\/\/247stiri.ro\/index.php\/wp-json\/wp\/v2\/media?parent=28093"}],"wp:term":[{"taxonomy":"category","embeddable":true,"href":"https:\/\/247stiri.ro\/index.php\/wp-json\/wp\/v2\/categories?post=28093"},{"taxonomy":"post_tag","embeddable":true,"href":"https:\/\/247stiri.ro\/index.php\/wp-json\/wp\/v2\/tags?post=28093"}],"curies":[{"name":"wp","href":"https:\/\/api.w.org\/{rel}","templated":true}]}}