{"id":28098,"date":"2025-01-31T11:45:24","date_gmt":"2025-01-31T11:45:24","guid":{"rendered":"https:\/\/247stiri.ro\/index.php\/2025\/01\/31\/schimbari-drastice-ale-vremii-dupa-zilele-cu-temperaturi-de-primavara-vin-ninsorile\/"},"modified":"2025-01-31T11:45:24","modified_gmt":"2025-01-31T11:45:24","slug":"schimbari-drastice-ale-vremii-dupa-zilele-cu-temperaturi-de-primavara-vin-ninsorile","status":"publish","type":"post","link":"https:\/\/247stiri.ro\/index.php\/2025\/01\/31\/schimbari-drastice-ale-vremii-dupa-zilele-cu-temperaturi-de-primavara-vin-ninsorile\/","title":{"rendered":"Schimb\u0103ri drastice ale vremii dup\u0103 zilele cu temperaturi de prim\u0103var\u0103. Vin NINSORILE"},"content":{"rendered":"<p>\u201eEste posibil ca s\u0103pt\u0103m\u00e2na viitoare s\u0103 consemn\u0103m ninsori slabe \u0219i \u00een Capital\u0103 av\u00e2nd \u00een vedere c\u0103 revine iarna at\u00e2t din punct de vedere termic, c\u00e2t \u0219i din punct de vedere al formei precipita\u021biilor. Dac\u0103 finalul lunii ianuarie va mai aduce valori de temperaturi mai ridicate dec\u00e2t \u00een mod obi\u0219nuit, de p\u00e2n\u0103 la 14-15 grade, m\u00e2ine consemn\u0103m deja o schimbare \u00een jum\u0103tatea nordic\u0103 a \u021b\u0103rii, temperaturile nu vor mai dep\u0103\u0219i 6-7 grade, \u00een timp ce \u00een jum\u0103tatea sudic\u0103 vor mai fi posibile valori de 10-11 grade.<\/p>\n<p>De asemenea, duminic\u0103 aceea\u0219i evolu\u021bie si ecart termic. De luni \u00eens\u0103 r\u0103cirea se va sim\u021bi \u00een toat\u0103 \u021bara, av\u00e2nd \u00een vedere sc\u0103derea progresiv\u0103 de la o zi la alta pe parcursul s\u0103pt\u0103m\u00e2nii viitoare, astfel \u00eenc\u00e2t s\u0103 ne apropiem de normalul termic al datei din calendar, adic\u0103 maxime \u00eentre -5 p\u00e2n\u0103 la cel mult 4-5 grade, minime cobor\u00e2te spre -10 grade \u00een depresiuni p\u00e2n\u0103 la 0 grade \u00een zonele mai joase de relief \u0219i chiar \u0219i \u00een Capital\u0103 o r\u0103cire mai ales pe parcursul s\u0103pt\u0103m\u00e2nii viitoare cu cel mult 5-6 grade la nivelul maximelor minime, de asemenea, posibil negative \u0219i, a\u0219a cum spuneam, este posibil s\u0103 avem ninsori slabe \u00een zona de munte, dar \u0219i \u00een zonele centrale-nordice, nu excludem \u0219i \u00een zona de est, sud-est a \u021b\u0103rii.\u201d, a declarat Elena Mateescu la Realitatea Plus.<\/p>","protected":false},"excerpt":{"rendered":"<p>\u201eEste posibil ca s\u0103pt\u0103m\u00e2na viitoare s\u0103 consemn\u0103m ninsori slabe \u0219i \u00een Capital\u0103 av\u00e2nd \u00een vedere&hellip;<\/p>\n","protected":false},"author":0,"featured_media":28099,"comment_status":"open","ping_status":"open","sticky":false,"template":"","format":"standard","meta":{"footnotes":""},"categories":[2],"tags":[],"class_list":["post-28098","post","type-post","status-publish","format-standard","has-post-thumbnail","hentry","category-actual"],"_links":{"self":[{"href":"https:\/\/247stiri.ro\/index.php\/wp-json\/wp\/v2\/posts\/28098","targetHints":{"allow":["GET"]}}],"collection":[{"href":"https:\/\/247stiri.ro\/index.php\/wp-json\/wp\/v2\/posts"}],"about":[{"href":"https:\/\/247stiri.ro\/index.php\/wp-json\/wp\/v2\/types\/post"}],"replies":[{"embeddable":true,"href":"https:\/\/247stiri.ro\/index.php\/wp-json\/wp\/v2\/comments?post=28098"}],"version-history":[{"count":0,"href":"https:\/\/247stiri.ro\/index.php\/wp-json\/wp\/v2\/posts\/28098\/revisions"}],"wp:featuredmedia":[{"embeddable":true,"href":"https:\/\/247stiri.ro\/index.php\/wp-json\/wp\/v2\/media\/28099"}],"wp:attachment":[{"href":"https:\/\/247stiri.ro\/index.php\/wp-json\/wp\/v2\/media?parent=28098"}],"wp:term":[{"taxonomy":"category","embeddable":true,"href":"https:\/\/247stiri.ro\/index.php\/wp-json\/wp\/v2\/categories?post=28098"},{"taxonomy":"post_tag","embeddable":true,"href":"https:\/\/247stiri.ro\/index.php\/wp-json\/wp\/v2\/tags?post=28098"}],"curies":[{"name":"wp","href":"https:\/\/api.w.org\/{rel}","templated":true}]}}