{"id":28123,"date":"2025-01-31T12:44:57","date_gmt":"2025-01-31T12:44:57","guid":{"rendered":"https:\/\/247stiri.ro\/index.php\/2025\/01\/31\/ministrul-justitiei-despre-implicarea-investigatorilor-romani-in-furtul-tezaurului-dacic-mecanismul-de-cooperare-trebuie-sa-fie-activat-de-catre-olanda\/"},"modified":"2025-01-31T12:44:57","modified_gmt":"2025-01-31T12:44:57","slug":"ministrul-justitiei-despre-implicarea-investigatorilor-romani-in-furtul-tezaurului-dacic-mecanismul-de-cooperare-trebuie-sa-fie-activat-de-catre-olanda","status":"publish","type":"post","link":"https:\/\/247stiri.ro\/index.php\/2025\/01\/31\/ministrul-justitiei-despre-implicarea-investigatorilor-romani-in-furtul-tezaurului-dacic-mecanismul-de-cooperare-trebuie-sa-fie-activat-de-catre-olanda\/","title":{"rendered":"Ministrul Justi\u0163iei, despre implicarea investigatorilor rom\u00e2ni \u00een furtul tezaurului dacic: Mecanismul de cooperare trebuie s\u0103 fie activat de c\u0103tre Olanda"},"content":{"rendered":"<p>\u201dAncheta este \u00een desf\u0103\u015furare. Ceea ce partea olandez\u0103 mi-a transmis este c\u0103 eforturile sunt continue, nu numai pe direc\u0163ia aceasta a anchet\u0103rii persoanelor afa\u0163\u0103 deja \u00een privare de libertate, dar \u015fi pe alte piste \u015fi direc\u0163ii de investiga\u0163ie care sunt \u00een momentul de fa\u0163\u0103 valorificate. Personal am vrut s\u0103 mai asigur c\u0103 partea olandez\u0103 \u00een\u0163elege foarte bine preocuparea noastr\u0103 \u015fi c\u0103 nu va precupe\u0163i niciun efort pentru a g\u0103si bunurile respective\u201d, a declarat Marinescu la un post TV.<\/p>\n<p>Ministrul s-a referit \u015fi la implicarea investigatorilor rom\u00e2ni \u00een anchet\u0103.<\/p>\n<p>\u201dAm transmis c\u0103 noi suntem preg\u0103ti\u0163i cu toate resursele necesare, dar mecanismul de cooperare trebuie s\u0103 fie activat de c\u0103tre Olanda\u201d, a ar\u0103tat ministrul Justi\u0163iei.<\/p>\n<p>\u201dCred c\u0103 partea olandez\u0103 \u00een\u0163elege foarte bine c\u0103 este necesar s\u0103 recupereze aceste bunuri \u015fi miza deosebit\u0103 \u015fi sper\u0103m c\u0103 va ac\u0163iona \u00een consecin\u0163\u0103\u201d, a precizat Radu Marinescu.<\/p>\n<p>Ministrul rom\u00e2n al Justi\u0163iei Radu Marinescu a discutat joi, la Var\u015fovia, cu omologul s\u0103u din \u0162\u0103rile de Jos, David van Weel, despre dispari\u0163ia pieselor de patrimoniu din muzeul Drents. Radu Marinescu i-a solicitat lui David van Weel \u201econtinuarea eforturilor sus\u0163inute pentru solu\u0163ionarea eficient\u0103 a acestui caz\u201d, exprim\u00e2nd disponibilitatea de a oferi p\u0103r\u0163ii olandeze tot sprijinul necesar \u00een cadru anchetei.<\/p>","protected":false},"excerpt":{"rendered":"<p>\u201dAncheta este \u00een desf\u0103\u015furare. Ceea ce partea olandez\u0103 mi-a transmis este c\u0103 eforturile sunt continue,&hellip;<\/p>\n","protected":false},"author":0,"featured_media":28124,"comment_status":"open","ping_status":"open","sticky":false,"template":"","format":"standard","meta":{"footnotes":""},"categories":[2],"tags":[],"class_list":["post-28123","post","type-post","status-publish","format-standard","has-post-thumbnail","hentry","category-actual"],"_links":{"self":[{"href":"https:\/\/247stiri.ro\/index.php\/wp-json\/wp\/v2\/posts\/28123","targetHints":{"allow":["GET"]}}],"collection":[{"href":"https:\/\/247stiri.ro\/index.php\/wp-json\/wp\/v2\/posts"}],"about":[{"href":"https:\/\/247stiri.ro\/index.php\/wp-json\/wp\/v2\/types\/post"}],"replies":[{"embeddable":true,"href":"https:\/\/247stiri.ro\/index.php\/wp-json\/wp\/v2\/comments?post=28123"}],"version-history":[{"count":0,"href":"https:\/\/247stiri.ro\/index.php\/wp-json\/wp\/v2\/posts\/28123\/revisions"}],"wp:featuredmedia":[{"embeddable":true,"href":"https:\/\/247stiri.ro\/index.php\/wp-json\/wp\/v2\/media\/28124"}],"wp:attachment":[{"href":"https:\/\/247stiri.ro\/index.php\/wp-json\/wp\/v2\/media?parent=28123"}],"wp:term":[{"taxonomy":"category","embeddable":true,"href":"https:\/\/247stiri.ro\/index.php\/wp-json\/wp\/v2\/categories?post=28123"},{"taxonomy":"post_tag","embeddable":true,"href":"https:\/\/247stiri.ro\/index.php\/wp-json\/wp\/v2\/tags?post=28123"}],"curies":[{"name":"wp","href":"https:\/\/api.w.org\/{rel}","templated":true}]}}