{"id":28169,"date":"2025-01-31T14:44:59","date_gmt":"2025-01-31T14:44:59","guid":{"rendered":"https:\/\/247stiri.ro\/index.php\/2025\/01\/31\/nicusor-dan-suparat-pe-bugetul-lui-ciolacu-cer-parlamentarilor-sa-atace-proiectul-la-ccr\/"},"modified":"2025-01-31T14:44:59","modified_gmt":"2025-01-31T14:44:59","slug":"nicusor-dan-suparat-pe-bugetul-lui-ciolacu-cer-parlamentarilor-sa-atace-proiectul-la-ccr","status":"publish","type":"post","link":"https:\/\/247stiri.ro\/index.php\/2025\/01\/31\/nicusor-dan-suparat-pe-bugetul-lui-ciolacu-cer-parlamentarilor-sa-atace-proiectul-la-ccr\/","title":{"rendered":"Nicu\u0219or Dan, sup\u0103rat pe bugetul lui Ciolacu: \u201eCer parlamentarilor s\u0103 atace proiectul la CCR\u201d"},"content":{"rendered":"<p>Primarul Capitalei, Nicu\u015for Dan, a declarat vineri c\u0103 proiectul bugetului pe 2025 spune ca sectoarele s\u0103 primeasc\u0103 de cinci ori mai mul\u0163i bani dec\u00e2t Prim\u0103ria Capitalei, sfid\u00e2nd votul a 500.000 de bucure\u0219teni de la referendum. El cere parlamentarilor s\u0103 atace proiectul la CCR \u015fi Guvernului s\u0103 respecte voin\u0163a locuitorilor Capitalei, transpus\u0103 \u00een referendumul din urm\u0103 cu dou\u0103 luni.<\/p>\n<p>Primarul Capitalei a declarat \u00eentr-o conferin\u0163\u0103 de pres\u0103 c\u0103 bucure\u015ftenii au votat la referendumul de anul trecut ca \u00eemp\u0103r\u0163irea banilor colecta\u0163i de la bucure\u015fteni s\u0103 o fac\u0103 cei din Consiliul General \u015fi nu Parlamentul, \u015fi votul lor este ignorat \u00een proiectul de buget.<\/p>\n<p>\u201dVreau s\u0103 le cer scuze bucure\u015ftenilor c\u0103 le-am transmis speran\u0163a c\u0103 partidele de la guvernare vor \u00een\u0163elege ceva din alegerile din 24 noiembrie. Proiectul de buget na\u0163ional pus \u00een dezbatere public\u0103 asear\u0103 dovede\u015fte contrariul, dovede\u015fte c\u0103 pu\u015fculi\u0163a de partid are \u00eent\u00e2ietate \u00een fa\u0163a rom\u00e2nilor. \u00cen urm\u0103 cu dou\u0103 luni, bucure\u015ftenii au votat printr-un vot cov\u00e2r\u015fitor ca \u00eemp\u0103r\u0163irea banilor colecta\u0163i s\u0103 o fac\u0103 cei din Consiliul General \u015fi nu Parlamentului. \u015ei votul lor este ignorat \u00een proiectul de buget. De ce au votat bucure\u015ftenii asta, acum dou\u0103 luni? Pentru c\u0103 au v\u0103zut \u015fi ei c\u0103 nu este normal ca Prim\u0103ria General\u0103 s\u0103 aib\u0103 ni\u015fte atribu\u0163ii mai mari, pe chestiuni structurale, transport public, termoficare, mari lucr\u0103ri de infrastructur\u0103, spitale \u015fi a\u015fa mai departe \u015fi sectoarele s\u0103 aib\u0103 atribu\u0163ii mai mici \u015fi sectoarele s\u0103 primeasc\u0103 de trei ori mai mul\u0163i bani dec\u00e2t prime\u015fte Prim\u0103ria Capitalei. \u015ei ce face proiectul \u0103sta de buget? Spune ca sectoarele s\u0103 primeasc\u0103 nu de trei ori mai mult dec\u00e2t Prim\u0103ria Capitalei, s\u0103 primeasc\u0103 de cinci ori mai mult dec\u00e2t Prim\u0103ria Capitalei, sfid\u00e2nd votul a 500.000 de bucure\u015fteni de acum dou\u0103 luni\u201d, a precizat edilul.<\/p>\n<p>Nicu\u015for Dan a ar\u0103tat c\u0103, \u00een termeni nominali, bugetul pe care l-a primit din impozitele \u015fi taxele bucure\u015ftenilor \u00een 2023 a fost de 6,2 miliarde lei. \u201d\u00cen 2024 am pierdut 1,2 miliarde lei \u015fi am primit 5 miliarde \u015fi conform proiectului de buget, \u00een 2025 am r\u0103mas s\u0103 primim 4 miliarde lei, \u00een condi\u0163iile \u00een care anul trecut doar cele dou\u0103 subven\u0163ii pe transport \u015fi pe termie au fost 2,6 miliarde lei. Deci, \u00een situa\u0163ia \u00een care bugetul r\u0103m\u00e2ne a\u015fa cum a fost publicat asear\u0103 de Ministerul Finan\u0163elor, Prim\u0103ria Capitalei va pl\u0103ti cele dou\u0103 subven\u0163ii \u015fi va face ni\u015fte pl\u0103\u0163i curente pentru func\u0163ionarea serviciilor, \u015fi nicio investi\u0163ie\u201d, a explicat primarul Capitalei.<\/p>\n<p>Nicu\u015for Dan a ar\u0103tat c\u0103, \u00een ceea ce prive\u015fte referendumul de acum dou\u0103 luni, \u00een primul r\u00e2nd solicit Guvernului \u00een \u015fedin\u0163a de m\u00e2ine s\u0103 modifice astfel \u00eenc\u00e2t s\u0103 fie \u00een acord cu voin\u0163a bucure\u015ftenilor, ca \u00eemp\u0103r\u0163irea banilor s\u0103 nu o fac\u0103 Parlamentul, ci s\u0103 o fac\u0103 cei din Consiliul General.<\/p>\n<p>\u00a0<\/p>\n<p>\u201dNu am mari speran\u0163e, pentru c\u0103 aceast\u0103 form\u0103 de buget reflect\u0103 voin\u0163a coali\u0163iei. Solicit \u00eens\u0103 parlamentarilor de bun\u0103 credin\u0163\u0103 \u015fi special parlamentarilor de Bucure\u015fti s\u0103 voteze amendamentul care s\u0103 transpun\u0103 referendumul bucure\u015ftenilor. Dac\u0103 nu, solicit de asemenea parlamentarilor de bun\u0103 credin\u0163\u0103 s\u0103 conteste legea bugetului na\u0163ional la Curtea Constitu\u0163ional\u0103\u201d, a anun\u0163at Nicu\u015for Dan.<\/p>\n<p>\u00a0<\/p>\n<p>Primarul a mai spus c\u0103 exist\u0103 dou\u0103 decizii ale Cur\u0163ii Constitu\u0163ionale, hot\u0103r\u00e2rea 2 pe 2019 \u015fi decizia 682 pe 2012, \u00een care Curtea Constitu\u0163ional\u0103 spune c\u0103 voin\u0163a exprimat\u0103 prin referendum este obligatorie.<\/p>\n<p>\u00a0<\/p>\n<p>\u201dO lege care nu respect\u0103 un referendum este neconstitu\u0163ional\u0103\u201d, a mai afirmat Nicu\u015for Dan \u00een conferin\u0163\u0103.\u00a0<\/p>\n<p>Primarul a mai spus c\u0103 \u00een 2024 au fost 10 miliarde de lei din impozitul pe venit, colectat de la bucure\u015fteni, care s-au dus 5 miliarde la prim\u0103rile de sector, 4,7 miliarde la Prim\u0103ria Capitalei \u015fi 300 de milioane la Consiliul Jude\u0163ean Ilfov, \u015fi au mai fost cam 3 miliarde de lei taxe \u015fi impozite locale care s-au dus la prim\u0103rile de sector.<\/p>\n<p>\u201dDeci noi am avut 4,7 miliarde, prim\u0103rile de sector au avut 8 miliarde. Dac\u0103 ve\u0163i sc\u0103dea din aceste 4,7 miliarde cele 2,6 pe care le-am dat pe cele dou\u0103 subven\u0163ii, ve\u0163i vedea c\u0103 raportul este cel pe care vi l-am spus. Prim\u0103rile de sector au avut 8 miliarde \u015fi noi am avut mai pu\u0163in de 2,5 miliarde\u201d, a ar\u0103tat primarul.<\/p>\n<p>Nicu\u015for Dan a mai declarat c\u0103, pe proiectul de buget pe 2025 \u00eemp\u0103r\u0163irea este: din cele 10 miliarde de la impozit pe venit de la bucure\u015ftieni, 3,8 miliarde merg la Prim\u0103ria capitalei, 130 de milioane la Consiliul Jude\u0163ean Ilfov, 4,8 miliarde la prim\u0103rile de sector \u015fi 1,4 miliarde la bugetul de stat.<\/p>\n<p>\u00a0<\/p>\n<p>\u201d\u00censeamn\u0103 c\u0103 noi, din cele 4 miliarde, pl\u0103tind 2,5 miliarde subven\u0163ii, r\u0103m\u00e2nem cu 1,5 miliarde. Iar prim\u0103rile de sector au aproximativ 5 miliarde de impozit pe venit \u015fi 3 miliarde din taxe \u015fi impozite locale. Adic\u0103 raportul real este 1,5 la 8. De mai mult de 5 ori, bani la prim\u0103riile de sector dec\u00e2t la Prim\u0103ria Capitalei, \u00een condi\u0163ii \u00een care, repet, noi avem mult mai multe atribu\u0163ii dec\u00e2t prim\u0103rile de sector\u201d, a afirmat Nicu\u015for Dan.<\/p>\n<p>Primarul a explicat c\u0103 tocmai \u0103sta este motivul pentru care a ini\u0163iat referendumul imediat dup\u0103 alegerile locale, pentru c\u0103 a spus bucure\u015ftenilor c\u0103 asta este problema principal\u0103 pe care o avem.<\/p>\n<p>\u201d\u0102sta e motivul pentru care Bucure\u015ftiul are un deficit de dezvoltare \u00een raport cu celelalte ora\u015fe dezvoltate din Rom\u00e2nia. \u015ei bucure\u015ftenii au \u00een\u0163eles \u015fi au votat \u00een sensul \u00een care primarul a propus. Nici 2024 n-a fost un an u\u015for. Norocul nostru a fost c\u0103 \u00een 2023 am cheltuit ni\u015fte bani pe proiecte europene, care ne-au fost rambursa\u021bi abia \u00een 2024\u201d, a spus Nicu\u015for Dan.<\/p>\n<p>\u00a0<\/p>\n<p>El a mai afirmat c\u0103 prima sa speran\u021b\u0103 este \u00een Parlament \u015fi ulterior \u00een Curtea Constitu\u021bional\u0103.<\/p>\n<p>\u00a0<\/p>","protected":false},"excerpt":{"rendered":"<p>Primarul Capitalei, Nicu\u015for Dan, a declarat vineri c\u0103 proiectul bugetului pe 2025 spune ca sectoarele&hellip;<\/p>\n","protected":false},"author":0,"featured_media":28159,"comment_status":"open","ping_status":"open","sticky":false,"template":"","format":"standard","meta":{"footnotes":""},"categories":[2],"tags":[],"class_list":["post-28169","post","type-post","status-publish","format-standard","has-post-thumbnail","hentry","category-actual"],"_links":{"self":[{"href":"https:\/\/247stiri.ro\/index.php\/wp-json\/wp\/v2\/posts\/28169","targetHints":{"allow":["GET"]}}],"collection":[{"href":"https:\/\/247stiri.ro\/index.php\/wp-json\/wp\/v2\/posts"}],"about":[{"href":"https:\/\/247stiri.ro\/index.php\/wp-json\/wp\/v2\/types\/post"}],"replies":[{"embeddable":true,"href":"https:\/\/247stiri.ro\/index.php\/wp-json\/wp\/v2\/comments?post=28169"}],"version-history":[{"count":0,"href":"https:\/\/247stiri.ro\/index.php\/wp-json\/wp\/v2\/posts\/28169\/revisions"}],"wp:featuredmedia":[{"embeddable":true,"href":"https:\/\/247stiri.ro\/index.php\/wp-json\/wp\/v2\/media\/28159"}],"wp:attachment":[{"href":"https:\/\/247stiri.ro\/index.php\/wp-json\/wp\/v2\/media?parent=28169"}],"wp:term":[{"taxonomy":"category","embeddable":true,"href":"https:\/\/247stiri.ro\/index.php\/wp-json\/wp\/v2\/categories?post=28169"},{"taxonomy":"post_tag","embeddable":true,"href":"https:\/\/247stiri.ro\/index.php\/wp-json\/wp\/v2\/tags?post=28169"}],"curies":[{"name":"wp","href":"https:\/\/api.w.org\/{rel}","templated":true}]}}