{"id":28172,"date":"2025-01-31T15:44:51","date_gmt":"2025-01-31T15:44:51","guid":{"rendered":"https:\/\/247stiri.ro\/index.php\/2025\/01\/31\/scoala-de-politie-campina-da-vina-pe-o-coada-de-matura-dupa-ce-un-elev-s-a-trezit-cu-bucati-de-tavan-in-cap\/"},"modified":"2025-01-31T15:44:51","modified_gmt":"2025-01-31T15:44:51","slug":"scoala-de-politie-campina-da-vina-pe-o-coada-de-matura-dupa-ce-un-elev-s-a-trezit-cu-bucati-de-tavan-in-cap","status":"publish","type":"post","link":"https:\/\/247stiri.ro\/index.php\/2025\/01\/31\/scoala-de-politie-campina-da-vina-pe-o-coada-de-matura-dupa-ce-un-elev-s-a-trezit-cu-bucati-de-tavan-in-cap\/","title":{"rendered":"\u0218coala de Poli\u021bie C\u00e2mpina d\u0103 vina pe o coad\u0103 de m\u0103tur\u0103, dup\u0103 ce un elev s-a trezit cu buc\u0103\u021bi de tavan \u00een cap"},"content":{"rendered":"<p>&#8216;\u00cen revenire la comunicatul privind incidentul din seara de 29.01.2025, \u00een urma verific\u0103rilor efectuate de personalul \u0219colii, s-a constatat c\u0103 \u00een c\u00e2teva dormitoare din spa\u021biile de cazare sunt urme de lovituri pe tavane, produse de un corp cu diametrul de aproximativ 3 cm (posibil coad\u0103 de m\u0103tur\u0103). Aceste lovituri au fost aplicate de elevii din aceste dormitoare, deranja\u021bi de zgomotul produs de colegii lor de la nivelul superior. Nu putem preciza cu exactitate c\u00e2nd au fost produse aceste urme, dar este posibil ca o astfel de lovitur\u0103 s\u0103 fi declan\u0219at desprinderea tencuielii&#8217;, se arat\u0103 \u00eentr-un comunicat postat pe site-ul oficial al institu\u021biei.Potrivit sursei citate, conducerea \u0219colii continu\u0103 verific\u0103rile \u00een acest caz.&#8217;De la \u00eenceputul anului, desf\u0103\u0219ur\u0103m activit\u0103\u021bi de reparare \u0219i reamenajare a acestor spa\u021bii de cazare, urm\u00e2nd ca, p\u00e2n\u0103 la sf\u00e2r\u0219itul acestui an, toate dormitoarele s\u0103 fie renovate&#8217;, mai precizeaz\u0103 sursa citat\u0103.O bucat\u0103 de tencuial\u0103 s-a desprins de pe tavanul unui dormitor \u00een care sunt caza\u021bi elevi ai \u0218colii de Agen\u021bi de Poli\u021bie &#8216;Vasile Lasc\u0103r&#8217; C\u00e2mpina, reprezentan\u021bii unit\u0103\u021bii ar\u0103t\u00e2nd c\u0103 nicio persoan\u0103 nu a fost r\u0103nit\u0103, \u00een timp ce Sindicatul Europol sus\u021bine c\u0103 acea bucat\u0103 ar fi c\u0103zut &#8216;\u00een capul&#8217; unui elev.Incidentul a avut loc miercuri sear\u0103, zona fiind ulterior reparat\u0103.&#8217;Nu a c\u0103zut pe nimeni, a c\u0103zut \u00eentre paturi. Ei s-au speriat. Deci nu a c\u0103zut \u00een capul nim\u0103nui, nu exist\u0103 nicio urm\u0103 de ran\u0103. Pe culoarul dintre paturi a c\u0103zut o parte din tencuial\u0103, dar, dac\u0103 observa\u021bi, este spre picioarele patului, iar ei erau \u00een picioare pentru c\u0103 nu dormeau, erau prezen\u021bi \u00een camer\u0103 c\u00e2nd s-a \u00eent\u00e2mplat, dar nu dormeau&#8217;,\u00a0a declarat, vineri, pentru Agerpres, purt\u0103torul de cuv\u00e2nt al institu\u021biei, Beatrice Melincianu.<\/p>\n<p><a title=\"O politista de 23 de ani MURIT intr-un accident grav produs in judetul Botosani. Masina cu care se deplasa a fost lovita in plin  \" href=\"https:\/\/www.realitatea.net\/stiri\/actual\/o-politista-de-23-de-a-murit-intrun-accident-grav-produs-in-judetul-botosani-masina-cu-care-se-deplasa-a-fost-lovita-in-plin_67651c74b05249418d681a72\">O poli\u021bist\u0103 de 23 de ani MURIT \u00eentr-un accident grav produs \u00een jude\u021bul Boto\u0219ani. Ma\u0219ina cu care se deplasa a fost lovit\u0103 \u00een plin<\/a>\u00cen camera respectiv\u0103 nu au fost realizate lucr\u0103ri recent.&#8217;Lucr\u0103rile acestea se fac ori de c\u00e2te ori apar probleme, pentru c\u0103 aceste c\u0103mine nu au mai intrat \u00eentr-un proces de repara\u021bie major \u00eentruc\u00e2t am avut permanent elevi \u00een \u0219coal\u0103. (&#8230;) Nu (nu au fost infiltra\u021bii &#8211; n.r.), b\u0103ile sunt departe de dormitoare, dormitoarele nu au surs\u0103 de ap\u0103. Nu \u0219tiu s\u0103 v\u0103 explic care a fost fenomenul, s-a desprins pur \u0219i simplu&#8217;, a mai spus Melincianu.Conform datelor comunicate pe pagina de Facebook a \u0219colii, repara\u021biile au fost deja efectuate.<\/p>\n<p>Ironiile Europol<\/p>\n<p>Sindicatul Europol a acuzat \u00een mediul online c\u0103 acest incident este rezultatul lucr\u0103rilor f\u0103cute de \u201efirme de cas\u0103\u201d.\u00a0\u00a0<\/p>\n<p>\u201eRenov\u0103ri de unic\u0103 folosin\u0163\u0103 la \u015ecoala de Poli\u0163ie Vasile Lasc\u0103r C\u00e2mpina. I-a c\u0103zut tavanul \u00een cap unui elev \u00een timp ce se preg\u0103tea s\u0103 doarm\u0103. Blestemul firmelor de cas\u0103, care c\u00e2\u015ftig\u0103 contracte publice sus\u0163inute de politicieni, ne urm\u0103re\u015fte la tot pasul\u201d, scriu sindicali\u015ftii de la Europol, pe Facebook.<\/p>\n<p>Ace\u015ftia sunt ironici \u00een urma incidentului, ad\u0103ug\u00e2nd c\u0103 \u201eelevii urmeaz\u0103 s\u0103 primeasc\u0103 \u00een viitor c\u0103\u015fti de protec\u0163ie, pentru a ne asigura c\u0103 pu\u0163inii tineri care \u00ee\u015fi mai doresc o carier\u0103 de poli\u0163ist vor absolvi teferi \u015fi nev\u0103t\u0103ma\u0163i institu\u0163iile de \u00eenv\u0103\u0163\u0103m\u00e2nt ale MAI\u201d.<\/p>\n\n<p><a href=\"https:\/\/www.realitatea.net\/stiri\/actual\/un-cunoscut-sportiv-acuza-o-politista-de-la-serviciul-permise-si-inmatriculari-auto-suceava-ca-la-bruscat-copilul-barbatului-martor-la-intreaga-scena-video_679cc66ab864c11c4607ea76#goog_rewarded\" target=\"_blank\">Un cunoscut sportiv acuz\u0103 o poli\u021bist\u0103 de la Serviciul Permise \u0219i \u00cenmatricul\u0103ri Auto Suceava c\u0103 l-a BRUSCAT. Copilul b\u0103rbatului, martor la \u00eentreaga scen\u0103 VIDEO<\/a><\/p>","protected":false},"excerpt":{"rendered":"<p>&#8216;\u00cen revenire la comunicatul privind incidentul din seara de 29.01.2025, \u00een urma verific\u0103rilor efectuate de&hellip;<\/p>\n","protected":false},"author":0,"featured_media":28173,"comment_status":"open","ping_status":"open","sticky":false,"template":"","format":"standard","meta":{"footnotes":""},"categories":[2],"tags":[],"class_list":["post-28172","post","type-post","status-publish","format-standard","has-post-thumbnail","hentry","category-actual"],"_links":{"self":[{"href":"https:\/\/247stiri.ro\/index.php\/wp-json\/wp\/v2\/posts\/28172","targetHints":{"allow":["GET"]}}],"collection":[{"href":"https:\/\/247stiri.ro\/index.php\/wp-json\/wp\/v2\/posts"}],"about":[{"href":"https:\/\/247stiri.ro\/index.php\/wp-json\/wp\/v2\/types\/post"}],"replies":[{"embeddable":true,"href":"https:\/\/247stiri.ro\/index.php\/wp-json\/wp\/v2\/comments?post=28172"}],"version-history":[{"count":0,"href":"https:\/\/247stiri.ro\/index.php\/wp-json\/wp\/v2\/posts\/28172\/revisions"}],"wp:featuredmedia":[{"embeddable":true,"href":"https:\/\/247stiri.ro\/index.php\/wp-json\/wp\/v2\/media\/28173"}],"wp:attachment":[{"href":"https:\/\/247stiri.ro\/index.php\/wp-json\/wp\/v2\/media?parent=28172"}],"wp:term":[{"taxonomy":"category","embeddable":true,"href":"https:\/\/247stiri.ro\/index.php\/wp-json\/wp\/v2\/categories?post=28172"},{"taxonomy":"post_tag","embeddable":true,"href":"https:\/\/247stiri.ro\/index.php\/wp-json\/wp\/v2\/tags?post=28172"}],"curies":[{"name":"wp","href":"https:\/\/api.w.org\/{rel}","templated":true}]}}