{"id":28180,"date":"2025-01-31T16:44:55","date_gmt":"2025-01-31T16:44:55","guid":{"rendered":"https:\/\/247stiri.ro\/index.php\/2025\/01\/31\/cei-3-suspecti-in-cazul-furtului-patrimoniului-dacic-dintr-un-muzeu-olandez-raman-in-areste-inca-2-saptamani-presiuni-pentru-identificarea-celui-de-al-patrulea-suspect\/"},"modified":"2025-01-31T16:44:55","modified_gmt":"2025-01-31T16:44:55","slug":"cei-3-suspecti-in-cazul-furtului-patrimoniului-dacic-dintr-un-muzeu-olandez-raman-in-areste-inca-2-saptamani-presiuni-pentru-identificarea-celui-de-al-patrulea-suspect","status":"publish","type":"post","link":"https:\/\/247stiri.ro\/index.php\/2025\/01\/31\/cei-3-suspecti-in-cazul-furtului-patrimoniului-dacic-dintr-un-muzeu-olandez-raman-in-areste-inca-2-saptamani-presiuni-pentru-identificarea-celui-de-al-patrulea-suspect\/","title":{"rendered":"Cei 3 suspec\u021bi in cazul furtului patrimoniului dacic dintr-un muzeu olandez r\u0103m\u00e2n \u00een ARESTE \u00eenc\u0103 2 s\u0103pt\u0103m\u00e2ni. Presiuni pentru identificarea celui de-al patrulea suspect"},"content":{"rendered":"<p>\u201eEi sunt suspecta\u0163i de implicare \u00een spargerea muzeului \u015fi furtul a patru comori valoroase de art\u0103 rom\u00e2neasc\u0103\u201d, a informat Parchetul, care precizeaz\u0103 c\u0103 ancheta este \u00een curs de desf\u0103\u015furare, a transmis un post TV olandez, citat de news.ro.<\/p>\n<p>De\u015fi arestul preventiv al celor trei suspec\u0163i a fost prelungit, nimic nu este \u00eenc\u0103 clar despre ce s-a \u00eent\u00e2mplat cu coiful \u015fi br\u0103\u0163\u0103rile de aur, comenteaz\u0103 RTV Drenthe. La fel cum nici cel de-al patrulea suspect nu a fost \u00eenc\u0103 re\u0163inut, adaug\u0103 postu regional de televiziune.<\/p>\n<p>Fotografiile clare a doi dintre cei trei suspec\u0163i au fost difuzate joi seara de poli\u0163ie, \u00eempreun\u0103 cu numele lor, o m\u0103sur\u0103 extraordinar\u0103 \u00een practica judiciar\u0103 olandez\u0103.<\/p>\n<p>Postul regional de televiziune spune c\u0103 presiunea din Rom\u00e2nia pentru rezolvarea cazului este enorm\u0103. Coiful de la Co\u0163ofene\u015fti este v\u0103zut ca una dintre cele mai importante comori culturale ale \u0163\u0103rii \u015fi este comparat cu ceea ce este \u201eRondul de noapte\u201d pentru Olanda. P.<\/p>","protected":false},"excerpt":{"rendered":"<p>\u201eEi sunt suspecta\u0163i de implicare \u00een spargerea muzeului \u015fi furtul a patru comori valoroase de&hellip;<\/p>\n","protected":false},"author":0,"featured_media":28181,"comment_status":"open","ping_status":"open","sticky":false,"template":"","format":"standard","meta":{"footnotes":""},"categories":[2],"tags":[],"class_list":["post-28180","post","type-post","status-publish","format-standard","has-post-thumbnail","hentry","category-actual"],"_links":{"self":[{"href":"https:\/\/247stiri.ro\/index.php\/wp-json\/wp\/v2\/posts\/28180","targetHints":{"allow":["GET"]}}],"collection":[{"href":"https:\/\/247stiri.ro\/index.php\/wp-json\/wp\/v2\/posts"}],"about":[{"href":"https:\/\/247stiri.ro\/index.php\/wp-json\/wp\/v2\/types\/post"}],"replies":[{"embeddable":true,"href":"https:\/\/247stiri.ro\/index.php\/wp-json\/wp\/v2\/comments?post=28180"}],"version-history":[{"count":0,"href":"https:\/\/247stiri.ro\/index.php\/wp-json\/wp\/v2\/posts\/28180\/revisions"}],"wp:featuredmedia":[{"embeddable":true,"href":"https:\/\/247stiri.ro\/index.php\/wp-json\/wp\/v2\/media\/28181"}],"wp:attachment":[{"href":"https:\/\/247stiri.ro\/index.php\/wp-json\/wp\/v2\/media?parent=28180"}],"wp:term":[{"taxonomy":"category","embeddable":true,"href":"https:\/\/247stiri.ro\/index.php\/wp-json\/wp\/v2\/categories?post=28180"},{"taxonomy":"post_tag","embeddable":true,"href":"https:\/\/247stiri.ro\/index.php\/wp-json\/wp\/v2\/tags?post=28180"}],"curies":[{"name":"wp","href":"https:\/\/api.w.org\/{rel}","templated":true}]}}