{"id":28183,"date":"2025-01-31T16:44:56","date_gmt":"2025-01-31T16:44:56","guid":{"rendered":"https:\/\/247stiri.ro\/index.php\/2025\/01\/31\/david-popovici-a-cerut-ordin-de-protectie-impotriva-unui-vecin-care-l-a-amenintat-ca-i-incendiaza-bolidul-de-150-000-de-euro\/"},"modified":"2025-01-31T16:44:56","modified_gmt":"2025-01-31T16:44:56","slug":"david-popovici-a-cerut-ordin-de-protectie-impotriva-unui-vecin-care-l-a-amenintat-ca-i-incendiaza-bolidul-de-150-000-de-euro","status":"publish","type":"post","link":"https:\/\/247stiri.ro\/index.php\/2025\/01\/31\/david-popovici-a-cerut-ordin-de-protectie-impotriva-unui-vecin-care-l-a-amenintat-ca-i-incendiaza-bolidul-de-150-000-de-euro\/","title":{"rendered":"David Popovici a cerut ordin de protec\u021bie \u00eempotriva unui vecin care l-a amenin\u021bat c\u0103-i INCENDIAZ\u0102 bolidul de 150.000 de euro"},"content":{"rendered":"<p>David Popovici a fi apelat num\u0103rul de urgen\u021b\u0103 112 la data de 20 ianuarie \u0219i a anun\u021bat c\u0103 un vecin de bloc l-ar fi amenin\u021bat c\u0103 \u00eei distruge ma\u0219ina.\u00a0<\/p>\n<p>&#8222;Poli\u021bi\u0219ti din cadrul Direc\u021biei Generale de Poli\u021bie a Municipiului Bucure\u0219ti \u00a0&#8211; Sec\u021bia 9 Poli\u021bie au fost sesiza\u021bi, prin apel 112, de c\u0103tre un t\u00e2n\u0103r, cu privire la faptul c\u0103 vecinul acestuia, \u00een v\u00e2rst\u0103 de 70 de ani, i-a adresat amenin\u021b\u0103ri.<\/p>\n<p>Poli\u021bi\u0219tii din cadrul subunit\u0103\u021bii s-au deplasat cu operativitate la adres\u0103 indicat\u0103 unde, \u00een urma verific\u0103rilor efectuate a rezultat presupunerea rezonabil\u0103 c\u0103, pe fondul consumului de alcool, b\u0103rbatul, \u00een v\u00e2rst\u0103 de 70 de ani, l-ar fi amenin\u021bat pe t\u00e2n\u0103r cu acte de distrugere asupra autoturimului acestuia.<\/p>\n<p><a title='Cat de mult s-a schimbat David Popovici. Este un ,,pachet de muschi\" in devenire de cand merge la sala de fitness' href=\"https:\/\/www.realitatea.net\/stiri\/sport\/cat-de-mult-sa-schimbat-david-popovici-este-un-pachet-de-muschi-in-devenire-de-cand-merge-la-sala-de-fitness_67869d48e1fb1636db322212\">C\u00e2t de mult s-a schimbat David Popovici. Este un \u201epachet de mu\u0219chi\u201d \u00een devenire de c\u00e2nd merge la sala de fitness<\/a><\/p>\n<p>\u00centruc\u00e2t, b\u0103rbatul, \u00een v\u00e2rst\u0103 de 70 de ani, avea un comportament agresiv, s-a procedat la imobilizarea \u0219i \u00eenc\u0103tu\u0219area acestuia, ulterior fiind condus la sediul subunit\u0103\u021bii \u00een vederea audierii.<\/p>\n<p>Men\u021bion\u0103m faptul c\u0103 b\u0103rbatul \u00een cauz\u0103 a fost condus la o unitate spitaliceasc\u0103 \u00een vederea acord\u0103rii \u00eengrijirilor medicale de specialitate.<\/p>\n<p>\u00cen acest context, persoanei v\u0103t\u0103mate i s-au adus la cuno\u0219tin\u021b\u0103 prevederile legale, privind ordinul de protec\u021bie, \u00eens\u0103 a refuzat completarea formularului de evaluare a riscului iminent.\u00a0<\/p>\n<p>De asemenea, t\u00e2n\u0103rul \u0219i-a rezervat dreptul de a formula pl\u00e2ngere, \u00een termen legal.<\/p>\n<p>Cercet\u0103rile sunt continuate din oficiu de c\u0103tre poli\u021bi\u0219ti din cadrul Sec\u021biei 9, sub supravegherea Parchetului de pe l\u00e2ng\u0103 Judec\u0103toria Sectorului 2, sub aspectul s\u0103v\u00e2r\u0219irii infrac\u021biunii de amenin\u021bare&#8221;, a transmis Poli\u021bia Capitalei.<\/p>\n<p><a title=\"David Popovici, fotografie SURPRIZA de Ziua Unirii, impreuna cu Sebastian Stan\" href=\"https:\/\/www.realitatea.net\/stiri\/actual\/david-popovici-fotografie-surpriza-de-ziua-unirii-impreuna-cu-sebastian-stan_6793761ac208cb3d4341f81b\">David Popovici, fotografie SURPRIZ\u0102 de Ziua Unirii, \u00eempreun\u0103 cu Sebastian Stan<\/a><\/p>","protected":false},"excerpt":{"rendered":"<p>David Popovici a fi apelat num\u0103rul de urgen\u021b\u0103 112 la data de 20 ianuarie \u0219i&hellip;<\/p>\n","protected":false},"author":0,"featured_media":28184,"comment_status":"open","ping_status":"open","sticky":false,"template":"","format":"standard","meta":{"footnotes":""},"categories":[2],"tags":[],"class_list":["post-28183","post","type-post","status-publish","format-standard","has-post-thumbnail","hentry","category-actual"],"_links":{"self":[{"href":"https:\/\/247stiri.ro\/index.php\/wp-json\/wp\/v2\/posts\/28183","targetHints":{"allow":["GET"]}}],"collection":[{"href":"https:\/\/247stiri.ro\/index.php\/wp-json\/wp\/v2\/posts"}],"about":[{"href":"https:\/\/247stiri.ro\/index.php\/wp-json\/wp\/v2\/types\/post"}],"replies":[{"embeddable":true,"href":"https:\/\/247stiri.ro\/index.php\/wp-json\/wp\/v2\/comments?post=28183"}],"version-history":[{"count":0,"href":"https:\/\/247stiri.ro\/index.php\/wp-json\/wp\/v2\/posts\/28183\/revisions"}],"wp:featuredmedia":[{"embeddable":true,"href":"https:\/\/247stiri.ro\/index.php\/wp-json\/wp\/v2\/media\/28184"}],"wp:attachment":[{"href":"https:\/\/247stiri.ro\/index.php\/wp-json\/wp\/v2\/media?parent=28183"}],"wp:term":[{"taxonomy":"category","embeddable":true,"href":"https:\/\/247stiri.ro\/index.php\/wp-json\/wp\/v2\/categories?post=28183"},{"taxonomy":"post_tag","embeddable":true,"href":"https:\/\/247stiri.ro\/index.php\/wp-json\/wp\/v2\/tags?post=28183"}],"curies":[{"name":"wp","href":"https:\/\/api.w.org\/{rel}","templated":true}]}}