{"id":28198,"date":"2025-01-31T17:44:59","date_gmt":"2025-01-31T17:44:59","guid":{"rendered":"https:\/\/247stiri.ro\/index.php\/2025\/01\/31\/ce-s-a-intamplat-cu-restul-pieselor-din-expozitia-din-olanda-care-nu-au-cazut-in-mana-hotilor-anunt-de-ultima-ora-de-la-mnir\/"},"modified":"2025-01-31T17:44:59","modified_gmt":"2025-01-31T17:44:59","slug":"ce-s-a-intamplat-cu-restul-pieselor-din-expozitia-din-olanda-care-nu-au-cazut-in-mana-hotilor-anunt-de-ultima-ora-de-la-mnir","status":"publish","type":"post","link":"https:\/\/247stiri.ro\/index.php\/2025\/01\/31\/ce-s-a-intamplat-cu-restul-pieselor-din-expozitia-din-olanda-care-nu-au-cazut-in-mana-hotilor-anunt-de-ultima-ora-de-la-mnir\/","title":{"rendered":"Ce s-a \u00eent\u00e2mplat cu restul pieselor din expozi\u021bia din Olanda, care nu au c\u0103zut \u00een m\u00e2na ho\u021bilor. Anun\u021b de ultim\u0103 or\u0103 de la MNIR"},"content":{"rendered":"<p>&#8216;Au aterizat, \u00eenc\u0103 nu au intrat \u00een muzeu. Le a\u0219tept\u0103m&#8217;,\u00a0a declarat, pentru Agerpres, managerul interimar al MNIR, Ernest Oberlander-T\u00e2rnoveanu.<\/p>\n<p>\u00cen ceea ce prive\u0219te evolu\u021bia anchetei, ministrul Justi\u0163iei, Radu Marinescu, a vorbit despre implicarea investigatorilor rom\u00e2ni \u00een furtul obiectelor de tezaur vineri. Oficialul de la justi\u021bie a spus c\u0103 noi suntem preg\u0103ti\u0163i cu toate resursele necesare, dar mecanismul de cooperare trebuie s\u0103 fie activat de c\u0103tre Olanda.<\/p>\n<p><a title=\"Suspectii in cazul furtului tezaurului dacic, AUDIATI astazi de un tribunal de instructie. Unul dintre ei are un CAZIER IMPRESIONAT\" href=\"https:\/\/www.realitatea.net\/stiri\/actual\/suspectii-in-cazul-furtului-tezaurului-dacic-audiati-astazi-de-un-tribunal-de-instructie-unul-dintre-ei-are-un-cazier-impresionat_679c85e84d0f9c5e6741a8e2\">Suspec\u0163ii \u00een cazul furtului tezaurului dacic, AUDIA\u021aI ast\u0103zi de un tribunal de instruc\u0163ie. Unul dintre ei are un CAZIER IMPRESIONAT<\/a><\/p>\n<p>\u201dAncheta este \u00een desf\u0103\u015furare. Ceea ce partea olandez\u0103 mi-a transmis este c\u0103 eforturile sunt continue, nu numai pe direc\u0163ia aceasta a anchet\u0103rii persoanelor afa\u0163\u0103 deja \u00een privare de libertate, dar \u015fi pe alte piste \u015fi direc\u0163ii de investiga\u0163ie care sunt \u00een momentul de fa\u0163\u0103 valorificate. Personal am vrut s\u0103 mai asigur c\u0103 partea olandez\u0103 \u00een\u0163elege foarte bine preocuparea noastr\u0103 \u015fi c\u0103 nu va precupe\u0163i niciun efort pentru a g\u0103si bunurile respective\u201d, a declarat Marinescu la un post TV.<\/p>\n<p>Ministrul s-a referit \u015fi la implicarea investigatorilor rom\u00e2ni \u00een anchet\u0103.<\/p>\n<p>\u201dAm transmis c\u0103 noi suntem preg\u0103ti\u0163i cu toate resursele necesare, dar mecanismul de cooperare trebuie s\u0103 fie activat de c\u0103tre Olanda\u201d, a ar\u0103tat ministrul Justi\u0163iei.<\/p>\n<p>\u201dCred c\u0103 partea olandez\u0103 \u00een\u0163elege foarte bine c\u0103 este necesar s\u0103 recupereze aceste bunuri \u015fi miza deosebit\u0103 \u015fi sper\u0103m c\u0103 va ac\u0163iona \u00een consecin\u0163\u0103\u201d, a precizat Radu Marinescu.<\/p>\n<p>Ministrul rom\u00e2n al Justi\u0163iei Radu Marinescu a discutat joi, la Var\u015fovia, cu omologul s\u0103u din \u0162\u0103rile de Jos, David van Weel, despre dispari\u0163ia pieselor de patrimoniu din muzeul Drents. Radu Marinescu i-a solicitat lui David van Weel \u201econtinuarea eforturilor sus\u0163inute pentru solu\u0163ionarea eficient\u0103 a acestui caz\u201d, exprim\u00e2nd disponibilitatea de a oferi p\u0103r\u0163ii olandeze tot sprijinul necesar \u00een cadru anchetei.<\/p>\n<p><a title='Psiholog criminalist, verdict in cazul hotilor tezaurului dacic: ,,Sunt niste chilotari, nicidecum profesionisti!\" VIDEO' href=\"https:\/\/www.realitatea.net\/stiri\/actual\/psiholog-criminalist-verdict-in-cazul-hotilor-tezaurului-dacic-sunt-niste-chilotari-nicidecum-profesionisti-video_679ca36636a1755ace5c6765\">Psiholog criminalist, verdict \u00een cazul ho\u021bilor tezaurului dacic: \u201eSunt ni\u0219te chilo\u021bari, nicidecum profesioni\u0219ti!\u201d VIDEO<\/a><\/p>","protected":false},"excerpt":{"rendered":"<p>&#8216;Au aterizat, \u00eenc\u0103 nu au intrat \u00een muzeu. Le a\u0219tept\u0103m&#8217;,\u00a0a declarat, pentru Agerpres, managerul interimar&hellip;<\/p>\n","protected":false},"author":0,"featured_media":28199,"comment_status":"open","ping_status":"open","sticky":false,"template":"","format":"standard","meta":{"footnotes":""},"categories":[2],"tags":[],"class_list":["post-28198","post","type-post","status-publish","format-standard","has-post-thumbnail","hentry","category-actual"],"_links":{"self":[{"href":"https:\/\/247stiri.ro\/index.php\/wp-json\/wp\/v2\/posts\/28198","targetHints":{"allow":["GET"]}}],"collection":[{"href":"https:\/\/247stiri.ro\/index.php\/wp-json\/wp\/v2\/posts"}],"about":[{"href":"https:\/\/247stiri.ro\/index.php\/wp-json\/wp\/v2\/types\/post"}],"replies":[{"embeddable":true,"href":"https:\/\/247stiri.ro\/index.php\/wp-json\/wp\/v2\/comments?post=28198"}],"version-history":[{"count":0,"href":"https:\/\/247stiri.ro\/index.php\/wp-json\/wp\/v2\/posts\/28198\/revisions"}],"wp:featuredmedia":[{"embeddable":true,"href":"https:\/\/247stiri.ro\/index.php\/wp-json\/wp\/v2\/media\/28199"}],"wp:attachment":[{"href":"https:\/\/247stiri.ro\/index.php\/wp-json\/wp\/v2\/media?parent=28198"}],"wp:term":[{"taxonomy":"category","embeddable":true,"href":"https:\/\/247stiri.ro\/index.php\/wp-json\/wp\/v2\/categories?post=28198"},{"taxonomy":"post_tag","embeddable":true,"href":"https:\/\/247stiri.ro\/index.php\/wp-json\/wp\/v2\/tags?post=28198"}],"curies":[{"name":"wp","href":"https:\/\/api.w.org\/{rel}","templated":true}]}}