{"id":28201,"date":"2025-01-31T17:45:00","date_gmt":"2025-01-31T17:45:00","guid":{"rendered":"https:\/\/247stiri.ro\/index.php\/2025\/01\/31\/criza-de-ser-fiziologic-in-spitale-semnal-de-alarma-al-medicilor-operatiile-care-nu-sunt-urgente-sunt-amanate\/"},"modified":"2025-01-31T17:45:00","modified_gmt":"2025-01-31T17:45:00","slug":"criza-de-ser-fiziologic-in-spitale-semnal-de-alarma-al-medicilor-operatiile-care-nu-sunt-urgente-sunt-amanate","status":"publish","type":"post","link":"https:\/\/247stiri.ro\/index.php\/2025\/01\/31\/criza-de-ser-fiziologic-in-spitale-semnal-de-alarma-al-medicilor-operatiile-care-nu-sunt-urgente-sunt-amanate\/","title":{"rendered":"Criz\u0103 de ser fiziologic \u00een spitale. Semnal de alarm\u0103 al medicilor, opera\u021biile care nu sunt urgente sunt AM\u00c2NATE!"},"content":{"rendered":"<p>Spitalul Jude\u0163ean de Urgen\u0163\u0103 din Bra\u015fov are probleme legate de lipsa serului fiziologic \u00eenc\u0103 din luna noiembrie a anului trecut, c\u00e2nd au fost livrate cantit\u0103\u0163i mai mici fa\u0163\u0103 de cele cerute de unitatea sanitar\u0103, declar\u0103, pentru News.ro, managerul unit\u0103\u021bii sanitare, Emil Mailat.<\/p>\n<p>Probleme legate de lipsa serului fiziologic exist\u0103 \u00een mai multe spitale, dar \u015fi \u00een farmacii de spital \u015fi comunitare din \u0163ar\u0103. \u00cen unele unit\u0103\u0163i sanitare serul se d\u0103 pe condic\u0103, stocurile fiind insuficiente.<\/p>\n<p>\u201eSerul fiziologoc este vital, f\u0103r\u0103 el nu po\u0163i s\u0103 administrezi o perfuzie sau nu po\u0163i s\u0103 faci o sp\u0103l\u0103tur\u0103 unde operezi, de exemplu. F\u0103r\u0103 el nu se poate\u201d, mai spune Mailat.<\/p>\n<p>Magda Vihocencu, farmacist \u015fi membru al Asocia\u0163iilor Farmaciilor Independente Ethica, a declarat pentru News.ro c\u0103 mai mul\u0163i colegi farmaci\u015fti, unii dintre ei care lucreaz\u0103 \u00een spitale mari, i-au confirmat c\u0103 lipse\u015fte serul fiziologic sau c\u0103 stocurile sunt insuficiente.<\/p>\n<p>Vineri, la Ministerul S\u0103n\u0103t\u0103\u021bii a fost programat\u0103 o \u00eent\u00e2lnire cu reprezentan\u0163ii companiilor care furnzeaz\u0103 ser fiziologic, \u00een c\u0103utarea de solu\u0163ii pentru aceast\u0103 problem\u0103. Principala problem\u0103 este legat\u0103 de pre\u0163ul cu care este adus \u00een \u0163ar\u0103 serul fiziologic, la acest capitol urm\u00e2nd s\u0103 fie g\u0103site anumite solu\u0163ii astfel \u00eenc\u00e2t s\u0103 fie asigurate stocurile necesare \u00een spitale. Furnizorii sus\u021bin c\u0103 pre\u021bul este prea mic, iar pentru ei este nerentabil.<\/p>","protected":false},"excerpt":{"rendered":"<p>Spitalul Jude\u0163ean de Urgen\u0163\u0103 din Bra\u015fov are probleme legate de lipsa serului fiziologic \u00eenc\u0103 din&hellip;<\/p>\n","protected":false},"author":0,"featured_media":28202,"comment_status":"open","ping_status":"open","sticky":false,"template":"","format":"standard","meta":{"footnotes":""},"categories":[2],"tags":[],"class_list":["post-28201","post","type-post","status-publish","format-standard","has-post-thumbnail","hentry","category-actual"],"_links":{"self":[{"href":"https:\/\/247stiri.ro\/index.php\/wp-json\/wp\/v2\/posts\/28201","targetHints":{"allow":["GET"]}}],"collection":[{"href":"https:\/\/247stiri.ro\/index.php\/wp-json\/wp\/v2\/posts"}],"about":[{"href":"https:\/\/247stiri.ro\/index.php\/wp-json\/wp\/v2\/types\/post"}],"replies":[{"embeddable":true,"href":"https:\/\/247stiri.ro\/index.php\/wp-json\/wp\/v2\/comments?post=28201"}],"version-history":[{"count":0,"href":"https:\/\/247stiri.ro\/index.php\/wp-json\/wp\/v2\/posts\/28201\/revisions"}],"wp:featuredmedia":[{"embeddable":true,"href":"https:\/\/247stiri.ro\/index.php\/wp-json\/wp\/v2\/media\/28202"}],"wp:attachment":[{"href":"https:\/\/247stiri.ro\/index.php\/wp-json\/wp\/v2\/media?parent=28201"}],"wp:term":[{"taxonomy":"category","embeddable":true,"href":"https:\/\/247stiri.ro\/index.php\/wp-json\/wp\/v2\/categories?post=28201"},{"taxonomy":"post_tag","embeddable":true,"href":"https:\/\/247stiri.ro\/index.php\/wp-json\/wp\/v2\/tags?post=28201"}],"curies":[{"name":"wp","href":"https:\/\/api.w.org\/{rel}","templated":true}]}}