{"id":28213,"date":"2025-01-31T18:45:03","date_gmt":"2025-01-31T18:45:03","guid":{"rendered":"https:\/\/247stiri.ro\/index.php\/2025\/01\/31\/ministerul-educatiei-a-pus-in-consultare-publica-planurile-cadru-pentru-liceu-urmeaza-dezbaterea-nationala-care-va-presupune-patru-intalniri-cu-prezenta-fizica\/"},"modified":"2025-01-31T18:45:03","modified_gmt":"2025-01-31T18:45:03","slug":"ministerul-educatiei-a-pus-in-consultare-publica-planurile-cadru-pentru-liceu-urmeaza-dezbaterea-nationala-care-va-presupune-patru-intalniri-cu-prezenta-fizica","status":"publish","type":"post","link":"https:\/\/247stiri.ro\/index.php\/2025\/01\/31\/ministerul-educatiei-a-pus-in-consultare-publica-planurile-cadru-pentru-liceu-urmeaza-dezbaterea-nationala-care-va-presupune-patru-intalniri-cu-prezenta-fizica\/","title":{"rendered":"Ministerul Educa\u021biei a pus \u00een consultare public\u0103 planurile-cadru pentru liceu. Urmeaz\u0103 dezbaterea na\u021bional\u0103, care va presupune patru \u00eent\u00e2lniri cu prezen\u021b\u0103 fizic\u0103"},"content":{"rendered":"<p>Potrivit ministrului Daniel David, dezbaterea na\u021bional\u0103 va presupune patru \u00eent\u00e2lniri cu prezen\u021b\u0103 fizic\u0103, organizate \u00een centre academice istorice \u00een Bucure\u0219ti (11 februarie), Cluj-Napoca (14 februarie), Ia\u0219i (25 februarie) \u0219i Timi\u0219oara (4 martie).Dup\u0103 dezbaterile cu prezen\u021b\u0103 fizic\u0103 va fi organizat\u0103 o dezbatere online, \u00een data de 6 martie.El a spus c\u0103 elaborarea \u0219i aprobarea planurilor-cadru pentru \u00eenv\u0103\u021b\u0103m\u00e2ntul liceal reprezint\u0103 \u00eenceputul unui proces complex.Conform ministrului, vor urma realizarea programelor \u0219colare pentru disciplinele\/modulele obligatorii (p\u00e2n\u0103 \u00een toamna anului 2025), ini\u021bierea elabor\u0103rii manualelor dup\u0103 modele moderne, validate la nivel interna\u021bional (cu un accent, acolo unde este posibil, pe variante \u0219i\/sau extensii digitalizate), abilitarea curricular\u0103 a cadrelor didactice, cu accent pe metode educa\u021bionale moderne de predare-\u00eenv\u0103\u021bare.Daniel David sus\u021bine c\u0103 planurile-cadru propuse reflect\u0103 &#8216;constr\u00e2ngerile&#8217; legisla\u021biei na\u021bionale (inclusiv prin unele discipline \u0219i teme stabilite prin lege) \u0219i bunele practici europene\/interna\u021bionale, adaptate \u00eens\u0103 contextului na\u021bional, scrie Agerpres.&#8217;Trunchiul comun (50%), prev\u0103zut \u00een legisla\u021bie, asigur\u0103 competen\u021bele de baz\u0103 (cultur\u0103 general\u0103) \u0219i contribuie la formarea competen\u021belor-cheie (inclusiv la alfabetizarea func\u021bional\u0103). Ponderea sa scade de la clasele IX\/X (65%) la clasele XI\/XII (35%). Reprezint\u0103 suport fix pentru cultura general\u0103. Majoritatea disciplinelor\/temelor sunt \u00een leg\u0103tur\u0103 cu examenul na\u021bional de bacalaureat (obligatorii\/la alegere). Trunchiul comun include 15 discipline la fiecare dintre clasele IX\/X (la care se adaug\u0103, dup\u0103 caz, limba \u0219i literatura matern\u0103), distribuite \u00een toate cele 7 arii curriculare, respectiv 9 discipline la fiecare dintre clasele a XI\/XII (la care se adaug\u0103, dup\u0103 caz, limba \u0219i literatura matern\u0103), distribuite \u00een 5 arii curriculare (vezi Anexa 1 inclus\u0103 \u00een prezentul mesaj)&#8217;, a explicat ministrul Educa\u021biei.Potrivit acestuia, curriculumul de specialitate (35%), ca dezvoltare inovativ\u0103, asigur\u0103 competen\u021bele de specialitate, generale \u0219i specifice, proprii unui profil \u0219i unor specializ\u0103ri\/calific\u0103ri profesionale, \u00eenlocuind segmentul reprezentat de curriculumul diferen\u021biat, prezent \u00een actualele planuri-cadru \u00een vigoare, aduc\u00e2nd \u0219i aport la formarea competen\u021belor-cheie.Ponderea sa cre\u0219te de la clasele IX\/X (25%) la clasele XI\/XII (45%).De asemenea, curriculumul la decizia elevului din oferta \u0219colii (15%) este prev\u0103zut \u00een legisla\u021bie \u0219i \u00eenlocuie\u0219te segmentul curriculum la decizia \u0219colii, existent \u00een planurile-cadru \u00een vigoare.&#8217;Ponderea sa cre\u0219te de la clasele IX\/X (10%, reprezent\u00e2nd 1-3 ore) la clasele XI\/XII (20%, reprezent\u00e2nd 5-8 ore). Pentru filiera teoretic\u0103, decizia se face flexibil \u00een cadrul specializ\u0103rilor (p\u00e2n\u0103 la nivel de unitate \u0219colar\u0103). Pentru filiera teoretic\u0103, decizia se face flexibil \u00een cadrul filierei, iar pentru filierele voca\u021bional\u0103 \u0219i tehnologic\u0103, decizia se face prin alegerea specializ\u0103rii\/calific\u0103rii profesionale (cu o component\u0103 semiflexibil\u0103 la nivel voca\u021bional)&#8217;, mai arat\u0103 Daniel David.<\/p>\n<p><a title=\"Daniel David, despre Bacalaureat: Deocamdata nu am primit sesizari cu privire la probleme majore. Lucrurile se deruleaza in mod normal\" href=\"https:\/\/www.realitatea.net\/stiri\/actual\/daniel-david-despre-bacalaureat-deocamdata-nu-am-primit-sesizari-cu-privire-la-probleme-majore-lucrurile-se-deruleaza-in-mod-normal_6798baa82a294f18ec4fd4cb\">Daniel David, despre Bacalaureat: Deocamdat\u0103 nu am primit sesiz\u0103ri cu privire la probleme majore. Lucrurile se deruleaz\u0103 \u00een mod normal<\/a>Acesta a afirmat c\u0103, indiferent de filier\u0103, va exista acela\u0219i num\u0103r de s\u0103pt\u0103m\u00e2ni de \u0219coal\u0103 &#8211; 36, cu un num\u0103r mai mic de s\u0103pt\u0103m\u00e2ni pentru clasa a XII-a &#8211; 34.De asemenea, se va men\u021bine organizarea anului \u0219colar pe 5 intervale de cursuri, dar \u0219i programele na\u021bionale S\u0103pt\u0103m\u00e2na verde (o s\u0103pt\u0103m\u00e2n\u0103) \u0219i \u0218coala altfel (o s\u0103pt\u0103m\u00e2n\u0103), incluse \u00een cele 36\/34 de s\u0103pt\u0103m\u00e2ni.Totodat\u0103, num\u0103rul maxim de ore s\u0103pt\u0103m\u00e2nal recomandat\/propus este de 30 (\u00een medie, cu excep\u021bii pentru unele trasee educa\u021bionale specifice).Astfel, prin aceast\u0103 propunere de reorganizare num\u0103rul de zile de \u0219coal\u0103 este 180 la clasele IX\/XI, respectiv 170 la clasa a XII-a, iar num\u0103rul de ore pe an ajunge la 1080 la clasele IX\/XI, respectiv 1020 la clasa a XII-a.<\/p>\n<p><a title='Ministrul Educatiei arunca bomba: ,,Vor fi restructurari\". Ce se va intampla cu salariile profesorilor ' href=\"https:\/\/www.realitatea.net\/stiri\/actual\/ministrul-educatiei-arunca-bomba-vor-fi-restructurari-ce-se-va-intampla-cu-salariile-profesorilor_6798ec1f198bb069b770d982\">Ministrul Educa\u021biei arunc\u0103 bomba: \u201eVor fi restructur\u0103ri\u201d. Ce se va \u00eent\u00e2mpla cu salariile profesorilor<\/a>&#8216;Impactul estimat asupra resursei umane este unul u\u0219or pozitiv, \u00een ansamblu, anticip\u00e2ndu-se o cre\u0219tere a num\u0103rului de norme \u00eentre 1,08% \u0219i 4,86% (\u00een condi\u021biile utiliz\u0103rii \u00eentregului buget de ore alocat de CDEO\u0218). Cre\u0219terea num\u0103rului de norme se \u00eenregistreaz\u0103 \u00een principal la \u00eenv\u0103\u021b\u0103m\u00e2ntul tehnologic, pentru cadrele didactice cu norme constituite din discipline de specialitate \u0219i modulele de preg\u0103tire, dar \u0219i cu o sc\u0103dere aici a num\u0103rului de norme pentru profesorii care predau disciplinele de trunchi comun. Un impact u\u0219or pozitiv se \u00eenregistreaz\u0103 \u0219i \u00een ansamblul filierei teoretice, mai ales c\u00e2nd \u00een cadrul unit\u0103\u021bii exist\u0103 un echilibru al tipului de clase pe cele patru specializ\u0103ri. Chiar dac\u0103 poate exista un oarecare impact negativ asupra normelor din \u00eenv\u0103\u021b\u0103m\u00e2ntul voca\u021bional liceal, acesta este redus, sub 2% din totalul normelor estimate&#8217;, a mai sus\u021binut David.\u00cen baza elabor\u0103rii \u0219i aprob\u0103rii tuturor elementelor curriculumului na\u021bional &#8211; planuri-cadru de \u00eenv\u0103\u021b\u0103m\u00e2nt, programe \u0219colare, standarde na\u021bionale de evaluare, prima genera\u021bie de elevi, absolven\u021bi ai \u00eenv\u0103\u021b\u0103m\u00e2ntului gimnazial, va debuta studiul pe noul curriculum liceal \u00eencep\u00e2nd cu elevii clasei a IX-a din anul \u0219colar 2026-2027.Ace\u0219ti elevi vor reprezenta \u0219i prima promo\u021bie care vor sus\u021bine noul examen na\u021bional de bacalaureat, prev\u0103zut \u00een Legea 198\/2023. Elevii care vor fi \u00een clasele a X-a &#8211; a XII-a\/a XIII-a, \u00een anul \u0219colar 2026-2027, vor continua studiul pe actualul curriculum liceal p\u00e2n\u0103 la finalizarea parcursului liceal.Planurile-cadru pentru trasee specifice precum cele din \u00eenv\u0103\u021b\u0103m\u00e2ntul \u00een limba minorit\u0103\u021bilor na\u021bionale, \u00eenv\u0103\u021b\u0103m\u00e2ntul liceal special, \u00eenv\u0103\u021b\u0103m\u00e2ntul liceal cu frecven\u021b\u0103 seral\/redus\u0103, \u00eenv\u0103\u021b\u0103m\u00e2ntul bilingv, inclusiv cel organizat \u00een baza acordurilor guvernamentale bilaterale, programul &#8216;A doua \u0219ans\u0103&#8217; \u0219i cele corespunz\u0103toare alternativelor educa\u021bionale vor fi elaborate pornind de la forma final\u0103 a planurilor-cadru, ca rezultat al consult\u0103rii publice \u0219i al dezbaterilor na\u021bionale.<\/p>\n<p><a title=\"Se schimba Evaluarea Nationala pentru clasa a VIII-a. Tot ce trebuie sa stie elevii\" href=\"https:\/\/www.realitatea.net\/stiri\/educatie\/se-schimba-evaluarea-nationala-pentru-elevii-de-clasa-a-viiia-tot-ce-trebuie-sa-stie-elevii_679a7657c4b8c826d22b425c\">Se schimb\u0103 Evaluarea Na\u021bional\u0103 pentru clasa a VIII-a. Tot ce trebuie s\u0103 \u0219tie elevii<\/a><\/p>","protected":false},"excerpt":{"rendered":"<p>Potrivit ministrului Daniel David, dezbaterea na\u021bional\u0103 va presupune patru \u00eent\u00e2lniri cu prezen\u021b\u0103 fizic\u0103, organizate \u00een&hellip;<\/p>\n","protected":false},"author":0,"featured_media":28214,"comment_status":"open","ping_status":"open","sticky":false,"template":"","format":"standard","meta":{"footnotes":""},"categories":[2],"tags":[],"class_list":["post-28213","post","type-post","status-publish","format-standard","has-post-thumbnail","hentry","category-actual"],"_links":{"self":[{"href":"https:\/\/247stiri.ro\/index.php\/wp-json\/wp\/v2\/posts\/28213","targetHints":{"allow":["GET"]}}],"collection":[{"href":"https:\/\/247stiri.ro\/index.php\/wp-json\/wp\/v2\/posts"}],"about":[{"href":"https:\/\/247stiri.ro\/index.php\/wp-json\/wp\/v2\/types\/post"}],"replies":[{"embeddable":true,"href":"https:\/\/247stiri.ro\/index.php\/wp-json\/wp\/v2\/comments?post=28213"}],"version-history":[{"count":0,"href":"https:\/\/247stiri.ro\/index.php\/wp-json\/wp\/v2\/posts\/28213\/revisions"}],"wp:featuredmedia":[{"embeddable":true,"href":"https:\/\/247stiri.ro\/index.php\/wp-json\/wp\/v2\/media\/28214"}],"wp:attachment":[{"href":"https:\/\/247stiri.ro\/index.php\/wp-json\/wp\/v2\/media?parent=28213"}],"wp:term":[{"taxonomy":"category","embeddable":true,"href":"https:\/\/247stiri.ro\/index.php\/wp-json\/wp\/v2\/categories?post=28213"},{"taxonomy":"post_tag","embeddable":true,"href":"https:\/\/247stiri.ro\/index.php\/wp-json\/wp\/v2\/tags?post=28213"}],"curies":[{"name":"wp","href":"https:\/\/api.w.org\/{rel}","templated":true}]}}